{"id":351781,"date":"2025-08-29T09:46:12","date_gmt":"2025-08-29T09:46:12","guid":{"rendered":"https:\/\/www.europesays.com\/fr\/351781\/"},"modified":"2025-08-29T09:46:12","modified_gmt":"2025-08-29T09:46:12","slug":"la-selection-2025-du-prix-des-librairies-de-nancy-le-point","status":"publish","type":"post","link":"https:\/\/www.europesays.com\/fr\/351781\/","title":{"rendered":"La s\u00e9lection 2025 du prix des librairies de Nancy &#8211; Le Point"},"content":{"rendered":"<p>Tous les ans, le prix des librairies de Nancy &#8211;\u00a0Le Point\u00a0distingue le coup de c\u0153ur de l&rsquo;association\u00a0\u00ab\u00a0Lire \u00e0 Nancy\u00a0\u00bb et de la r\u00e9daction du\u00a0Point. Sous le parrainage de l&rsquo;Acad\u00e9mie Goncourt depuis sa cr\u00e9ation en 1979, il fait partie des prix inaugurant la rentr\u00e9e litt\u00e9raire.<\/p>\n<p>Le jury est compos\u00e9 d&rsquo;<strong>Emma Navarro\u00a0<\/strong>et\u00a0<strong>Fr\u00e9d\u00e9ric Jaffrennou<\/strong>,\u00a0<strong>Marc Didier<\/strong>,\u00a0<strong>Astrid Canada\u00a0<\/strong>et\u00a0<strong>G\u00e9raldine P\u00e9try\u00a0<\/strong>et le service culture du\u00a0Point.\u00a0<\/p>\n<p>Le laur\u00e9at sera annonc\u00e9 dans le num\u00e9ro du Point du 11 septembre 2025. Il sera r\u00e9compens\u00e9 le vendredi 12 septembre au Forum Litt\u00e9raire Bernard Pivot, dans le cadre du salon Le Livre sur la Place, et succ\u00e8dera \u00e0\u00a0<strong>Abel Quentin<\/strong>, <a href=\"https:\/\/www.livreshebdo.fr\/article\/abel-quentin-laureat-du-prix-des-libraires-de-nancy-le-point-2024#:~:text=Le%20prix%20des%20libraires%20de,du%2013%20au%2015%20septembre.&amp;text=Le%20prix%20des%20libraires%20de%20Nancy%20%2D%20Le%20Point%202024%20est,aux%20%C3%A9ditions%20de%20l&#039;Observatoire.\" target=\"_blank\" rel=\"nofollow noopener\">laur\u00e9at 2024<\/a> pour\u00a0Cabane\u00a0(\u00e9ditions de l&rsquo;Observatoire).\u00a0<\/p>\n<p>La s\u00e9lection<\/p>\n","protected":false},"excerpt":{"rendered":"Tous les ans, le prix des librairies de Nancy &#8211;\u00a0Le Point\u00a0distingue le coup de c\u0153ur de l&rsquo;association\u00a0\u00ab\u00a0Lire \u00e0&hellip;\n","protected":false},"author":2,"featured_media":351782,"comment_status":"","ping_status":"","sticky":false,"template":"","format":"standard","meta":{"footnotes":""},"categories":[1357],"tags":[1379,58,59,1011,27,1380],"class_list":{"0":"post-351781","1":"post","2":"type-post","3":"status-publish","4":"format-standard","5":"has-post-thumbnail","7":"category-livres","8":"tag-books","9":"tag-divertissement","10":"tag-entertainment","11":"tag-fr","12":"tag-france","13":"tag-livres"},"share_on_mastodon":{"url":"https:\/\/pubeurope.com\/@fr\/115111420570595846","error":""},"_links":{"self":[{"href":"https:\/\/www.europesays.com\/fr\/wp-json\/wp\/v2\/posts\/351781","targetHints":{"allow":["GET"]}}],"collection":[{"href":"https:\/\/www.europesays.com\/fr\/wp-json\/wp\/v2\/posts"}],"about":[{"href":"https:\/\/www.europesays.com\/fr\/wp-json\/wp\/v2\/types\/post"}],"author":[{"embeddable":true,"href":"https:\/\/www.europesays.com\/fr\/wp-json\/wp\/v2\/users\/2"}],"replies":[{"embeddable":true,"href":"https:\/\/www.europesays.com\/fr\/wp-json\/wp\/v2\/comments?post=351781"}],"version-history":[{"count":0,"href":"https:\/\/www.europesays.com\/fr\/wp-json\/wp\/v2\/posts\/351781\/revisions"}],"wp:featuredmedia":[{"embeddable":true,"href":"https:\/\/www.europesays.com\/fr\/wp-json\/wp\/v2\/media\/351782"}],"wp:attachment":[{"href":"https:\/\/www.europesays.com\/fr\/wp-json\/wp\/v2\/media?parent=351781"}],"wp:term":[{"taxonomy":"category","embeddable":true,"href":"https:\/\/www.europesays.com\/fr\/wp-json\/wp\/v2\/categories?post=351781"},{"taxonomy":"post_tag","embeddable":true,"href":"https:\/\/www.europesays.com\/fr\/wp-json\/wp\/v2\/tags?post=351781"}],"curies":[{"name":"wp","href":"https:\/\/api.w.org\/{rel}","templated":true}]}}