{"id":351783,"date":"2025-08-29T09:47:13","date_gmt":"2025-08-29T09:47:13","guid":{"rendered":"https:\/\/www.europesays.com\/fr\/351783\/"},"modified":"2025-08-29T09:47:13","modified_gmt":"2025-08-29T09:47:13","slug":"silence-pesant-en-plateau-apres-cet-aveu-de-yann-barthes-a-bruce-toussaint-en-direct","status":"publish","type":"post","link":"https:\/\/www.europesays.com\/fr\/351783\/","title":{"rendered":"silence pesant en plateau apr\u00e8s cet aveu de Yann Barth\u00e8s \u00e0 Bruce Toussaint en direct"},"content":{"rendered":"<p class=\"mb-4 text-lg md:leading-8 break-words\">Il va faire sa grande rentr\u00e9e. \u00c0 partir du 1er septembre prochain, Yann Barth\u00e8s va retrouver toute son \u00e9quipe de chroniqueurs dans Quotidien sur TMC. \u00c0 cette occasion, le journaliste \u00e9tait l\u2019invit\u00e9 de Bruce Toussaint dans la matinale de TF1, Bonjour !. Apr\u00e8s avoir \u00e9voqu\u00e9 des sujets d\u2019actualit\u00e9, voil\u00e0 que l\u2019animateur a \u00e9t\u00e9 interrog\u00e9 sur son apparence, lui qui a chang\u00e9 <strong>de go\u00fbts vestimentaires depuis ses d\u00e9buts.<\/strong> \u201cPourquoi vous avez arr\u00eat\u00e9 la veste et la cravate ?\u201d, lui demande alors Bruce Toussaint. Et apparemment, Yann Barth\u00e8s \u00e9tait exc\u00e9d\u00e9 par ces normes vestimentaires. \u201cRaison num\u00e9ro 1 parce que j&rsquo;en avais un peu marre. Oui. Raison num\u00e9ro 2, quand j&rsquo;\u00e9tais jeune, fallait me vieillir\u201d. <\/p>\n<p>Yann Barth\u00e8s jette un grand froid sur le plateau de Bonjour !<\/p>\n<p class=\"mb-4 text-lg md:leading-8 break-words\">Des confidences qui ont choqu\u00e9 le journaliste de TF1 : \u201cNon, <strong>vous \u00eates s\u00e9rieux<\/strong> ? Quand vous \u00e9tiez plus jeune, on vous disait \u2018mets un truc pour avoir l&rsquo;air un peu\u2026\u2019 ?\u201d. Mais voil\u00e0 que Yann Barth\u00e8s fait aussi un autre aveu assez d\u00e9routant : \u201cEn v\u00e9rit\u00e9, des fois, c&rsquo;est mes habits de la journ\u00e9e\u201d. Et l\u00e0 gros blanc sur le plateau de Bonjour !. Tous les chroniqueurs ont bien du mal \u00e0 s\u2019imaginer sur le plateau de la matinale avec leurs habits de journ\u00e9e. \u201cNon, parce que j&rsquo;ai essay\u00e9 d&rsquo;imaginer si moi-m\u00eame je m&rsquo;habillais comme\u2026\u201d, continue le journaliste de TF1. Des confidences hilarantes. Comme \u00e0 son habitude, le journaliste Yann Barth\u00e8s est toujours aussi cash (&#8230;)<\/p>\n<p class=\"mb-4 text-lg md:leading-8 break-words\"><a href=\"https:\/\/www.closermag.fr\/people\/malaise-dans-bonjour-silence-pesant-en-plateau-apres-cet-aveu-de-yann-barthes-a-bruce-toussaint-en-direct-3574228\" rel=\"nofollow noopener\" target=\"_blank\" data-ylk=\"slk:Lire la suite sur Closer;elm:context_link;itc:0;sec:content-canvas\" class=\"link \">Lire la suite sur Closer<\/a><\/p>\n<p class=\"mb-4 text-lg md:leading-8 break-words\"><a href=\"https:\/\/www.closermag.fr\/royautes\/meghan-markle-amere-une-ancienne-amie-de-la-duchesse-lui-casse-du-sucre-sur-le-dos-3574240\" rel=\"nofollow noopener\" target=\"_blank\" data-ylk=\"slk:Meghan Markle &quot;am\u00e8re&quot; : une ancienne amie de la duchesse lui casse du sucre sur le dos;elm:context_link;itc:0;sec:content-canvas\" class=\"link \">Meghan Markle \u00ab\u00a0am\u00e8re\u00a0\u00bb : une ancienne amie de la duchesse lui casse du sucre sur le dos<\/a><br \/><a href=\"https:\/\/www.closermag.fr\/royautes\/william-et-kate-voici-ce-quils-refusent-categoriquement-dans-leur-nouvelle-maison-3574237\" rel=\"nofollow noopener\" target=\"_blank\" data-ylk=\"slk:William et Kate : voici ce qu\u2019ils refusent cat\u00e9goriquement dans leur nouvelle maison;elm:context_link;itc:0;sec:content-canvas\" class=\"link \">William et Kate : voici ce qu\u2019ils refusent cat\u00e9goriquement dans leur nouvelle maison<\/a><br \/><a href=\"https:\/\/www.closermag.fr\/beaute\/fenty-hair-rihanna-devoile-sa-nouvelle-obsession-capillaire-un-soin-sans-rincage-3574238\" rel=\"nofollow noopener\" target=\"_blank\" data-ylk=\"slk:Fenty Hair : Rihanna d\u00e9voile sa nouvelle obsession capillaire, un soin sans rin\u00e7age;elm:context_link;itc:0;sec:content-canvas\" class=\"link \">Fenty Hair : Rihanna d\u00e9voile sa nouvelle obsession capillaire, un soin sans rin\u00e7age<\/a><br \/><a href=\"https:\/\/www.closermag.fr\/people\/kim-kardashian-a-venise-elle-choque-ses-fans-avec-ce-detail-tres-curieux-de-sa-tenue-martin-margiela-photos-3574239\" rel=\"nofollow noopener\" target=\"_blank\" data-ylk=\"slk:Kim Kardashian \u00e0 Venise : elle choque ses fans avec ce d\u00e9tail tr\u00e8s curieux de sa tenue Martin Margiela (Photos);elm:context_link;itc:0;sec:content-canvas\" class=\"link \">Kim Kardashian \u00e0 Venise : elle choque ses fans avec ce d\u00e9tail tr\u00e8s curieux de sa tenue Martin Margiela (Photos)<\/a><br \/><a href=\"https:\/\/www.closermag.fr\/vecu\/quelquun-a-menti-cette-preuve-determinante-que-les-proches-de-tiphaine-veron-auraient-en-leur-possession-3574233\" rel=\"nofollow noopener\" target=\"_blank\" data-ylk=\"slk:&quot;Quelqu\u2019un a menti&quot; : cette preuve d\u00e9terminante que les proches de Tiphaine V\u00e9ron auraient en leur possession;elm:context_link;itc:0;sec:content-canvas\" class=\"link \">\u00ab\u00a0Quelqu\u2019un a menti\u00a0\u00bb : cette preuve d\u00e9terminante que les proches de Tiphaine V\u00e9ron auraient en leur possession<\/a><\/p>\n","protected":false},"excerpt":{"rendered":"Il va faire sa grande rentr\u00e9e. \u00c0 partir du 1er septembre prochain, Yann Barth\u00e8s va retrouver toute son&hellip;\n","protected":false},"author":2,"featured_media":351784,"comment_status":"","ping_status":"","sticky":false,"template":"","format":"standard","meta":{"footnotes":""},"categories":[1356],"tags":[6779,58,59,1011,27,252,199,1364,1405],"class_list":{"0":"post-351783","1":"post","2":"type-post","3":"status-publish","4":"format-standard","5":"has-post-thumbnail","7":"category-television","8":"tag-bruce-toussaint","9":"tag-divertissement","10":"tag-entertainment","11":"tag-fr","12":"tag-france","13":"tag-television","14":"tag-tf1","15":"tag-tv","16":"tag-yann-barthes"},"share_on_mastodon":{"url":"https:\/\/pubeurope.com\/@fr\/115111424557293223","error":""},"_links":{"self":[{"href":"https:\/\/www.europesays.com\/fr\/wp-json\/wp\/v2\/posts\/351783","targetHints":{"allow":["GET"]}}],"collection":[{"href":"https:\/\/www.europesays.com\/fr\/wp-json\/wp\/v2\/posts"}],"about":[{"href":"https:\/\/www.europesays.com\/fr\/wp-json\/wp\/v2\/types\/post"}],"author":[{"embeddable":true,"href":"https:\/\/www.europesays.com\/fr\/wp-json\/wp\/v2\/users\/2"}],"replies":[{"embeddable":true,"href":"https:\/\/www.europesays.com\/fr\/wp-json\/wp\/v2\/comments?post=351783"}],"version-history":[{"count":0,"href":"https:\/\/www.europesays.com\/fr\/wp-json\/wp\/v2\/posts\/351783\/revisions"}],"wp:featuredmedia":[{"embeddable":true,"href":"https:\/\/www.europesays.com\/fr\/wp-json\/wp\/v2\/media\/351784"}],"wp:attachment":[{"href":"https:\/\/www.europesays.com\/fr\/wp-json\/wp\/v2\/media?parent=351783"}],"wp:term":[{"taxonomy":"category","embeddable":true,"href":"https:\/\/www.europesays.com\/fr\/wp-json\/wp\/v2\/categories?post=351783"},{"taxonomy":"post_tag","embeddable":true,"href":"https:\/\/www.europesays.com\/fr\/wp-json\/wp\/v2\/tags?post=351783"}],"curies":[{"name":"wp","href":"https:\/\/api.w.org\/{rel}","templated":true}]}}