{"id":351785,"date":"2025-08-29T09:48:09","date_gmt":"2025-08-29T09:48:09","guid":{"rendered":"https:\/\/www.europesays.com\/fr\/351785\/"},"modified":"2025-08-29T09:48:09","modified_gmt":"2025-08-29T09:48:09","slug":"lady-gaga-confirme-la-sortie-de-son-nouveau-single-le-3-septembre-en-parallele-de-la-serie-mercredi","status":"publish","type":"post","link":"https:\/\/www.europesays.com\/fr\/351785\/","title":{"rendered":"Lady Gaga confirme la sortie de son nouveau single le 3 septembre en parall\u00e8le de la s\u00e9rie \u00ab\u00a0Mercredi\u00a0\u00bb"},"content":{"rendered":"<p>La star am\u00e9ricaine a officialis\u00e9 dans la nuit du jeudi 28 au vendredi 29 ao\u00fbt l&rsquo;arriv\u00e9e imminente d&rsquo;une nouvelle chanson, la quinzi\u00e8me de son album \u00ab\u00a0Mayhem\u00a0\u00bb. Un titre, disponible d\u00e8s le 3 septembre sur les plateformes mais aussi \u00e0 visionner dans la seconde partie de la s\u00e9rie \u00ab\u00a0Mercredi\u00a0\u00bb dans laquelle Lady Gaga a donn\u00e9 la r\u00e9plique.<\/p>\n<p>Un quinzi\u00e8me titre pour son nouvel album Mayhem, un clip dirig\u00e9 par Tim Burton et une apparition dans la s\u00e9rie Netflix Mercredi: le 3 septembre restera marqu\u00e9 dans les esprits des \u00ab\u00a0Little Monsters\u00a0\u00bb.<\/p>\n<p>Lady Gaga a confirm\u00e9, dans la nuit du jeudi 28 au vendredi 29 ao\u00fbt, la sortie de son nouveau single: <a href=\"https:\/\/www.bfmtv.com\/people\/series\/mercredi-lady-gaga-va-sortir-une-chanson-inedite-pour-la-nouvelle-saison-de-la-serie_AN-202508050195.html\" title=\"&quot;Mercredi&quot;: Lady Gaga va sortir une chanson in\u00e9dite pour la nouvelle saison de la s\u00e9rie\" class=\"internal_link\" rel=\"nofollow noopener\" target=\"_blank\">The Dead Danse<\/a>.<\/p>\n<p>Un r\u00f4le dans la s\u00e9rie Mercredi<\/p>\n<p>La chanteuse am\u00e9ricaine s&rsquo;est rendu, entre deux concerts au Madison Square Garden de New York, \u00e0 un \u00e9v\u00e9nement Netflix \u00e0 New York autour de la s\u00e9rie suivant les aventures de Mercredi Adams. S\u00e9rie, dont elle fera partie avec un cam\u00e9o dans lequel elle chantera son nouveau single.<\/p>\n<p>Sortie \u00e9v\u00e8nement de l&rsquo;\u00e9t\u00e9, cette s\u00e9rie de huit \u00e9pisodes, cr\u00e9\u00e9e par Alfred Cough et Miles Millar et r\u00e9alis\u00e9e en partie par <strong><a href=\"https:\/\/www.bfmtv.com\/people\/cinema\/de-beetlejuice-a-mercredi-comment-tim-burton-est-devenu-l-ombre-de-lui-meme_AN-202211230136.html\" title=\"De &quot;Beetlejuice&quot; \u00e0 &quot;Mercredi&quot;, comment Tim Burton est devenu l\u2019ombre de lui-m\u00eame\" class=\"internal_link\" rel=\"nofollow noopener\" target=\"_blank\">Tim Burton<\/a> <\/strong>en saison 1, avait notamment permis de repopulariser la chanson <strong><a href=\"https:\/\/www.bfmtv.com\/people\/series\/mercredi-lady-gaga-se-prete-a-son-tour-au-challenge-tik-tok-tire-de-la-serie-phenomene_AN-202212090700.html\" title=\"&quot;Mercredi&quot;: Lady Gaga se pr\u00eate \u00e0 son tour au challenge TikTok tir\u00e9 de la s\u00e9rie-ph\u00e9nom\u00e8ne\" class=\"internal_link\" rel=\"nofollow noopener\" target=\"_blank\">Bloody Mary<\/a><\/strong> de Lady Gaga.<\/p>\n<blockquote class=\"embed embed_quote\"><p>\u00ab\u00a0J&rsquo;ai pass\u00e9 un moment merveilleux \u00e0 travailler sur la saison 2 de Mercredi, m\u00eame si ce n&rsquo;est qu&rsquo;un petit r\u00f4le dans la s\u00e9rie. J&rsquo;ai ador\u00e9 collaborer avec Tim Burton, Jenna (Ortega, l&rsquo;actrice de Mercredi NDLR) et tout le casting, c&rsquo;\u00e9tait incroyable\u00a0\u00bb, a-t-elle gliss\u00e9 cette nuit.<\/p><\/blockquote>\n<p>Ses fans de Miami seront peut-\u00eatre les premiers chanceux \u00e0 \u00e9couter en live ce nouveau titre de la chanteuse-actrice. Actuellement en tourn\u00e9e avec son \u00ab\u00a0Mayhem Ball\u00a0\u00bb, la star am\u00e9ricaine fera en effet escale en Floride le 3 septembre, date de sortie du single.<\/p>\n<p>Trois ans apr\u00e8s <a href=\"https:\/\/www.bfmtv.com\/people\/musique\/apres-deux-reports-le-stade-de-france-de-lady-gaga-reprogramme-cet-ete_AN-202203080257.html\" title=\"Apr\u00e8s deux reports, le Stade de France de Lady Gaga reprogramm\u00e9 cet \u00e9t\u00e9\" class=\"internal_link\" rel=\"nofollow noopener\" target=\"_blank\">son dernier concert au stade de France<\/a> et un an apr\u00e8s avoir particip\u00e9 \u00e0 la c\u00e9r\u00e9monie d&rsquo;ouverture <a href=\"https:\/\/rmcsport.bfmtv.com\/jeux-olympiques\/people\/jo-2024-lady-gaga-devoile-des-extraits-de-son-prochain-album-lg7-devant-ses-fans-rassembles-devant-son-hotel_AN-202407290272.html\" title=\"JO 2024: Lady Gaga d\u00e9voile des extraits de son prochain album devant ses fans rassembl\u00e9s devant son h\u00f4tel\" class=\"internal_link\" rel=\"nofollow noopener\" target=\"_blank\">des JO de Paris 2024<\/a>, Lady Gaga sera de retour dans l&rsquo;Hexagone du 13 au 22 novembre prochains pour six shows entre Lyon et Paris.<\/p>\n","protected":false},"excerpt":{"rendered":"La star am\u00e9ricaine a officialis\u00e9 dans la nuit du jeudi 28 au vendredi 29 ao\u00fbt l&rsquo;arriv\u00e9e imminente d&rsquo;une&hellip;\n","protected":false},"author":2,"featured_media":351786,"comment_status":"","ping_status":"","sticky":false,"template":"","format":"standard","meta":{"footnotes":""},"categories":[1355],"tags":[58,59,1011,27,1361,873],"class_list":{"0":"post-351785","1":"post","2":"type-post","3":"status-publish","4":"format-standard","5":"has-post-thumbnail","7":"category-musique","8":"tag-divertissement","9":"tag-entertainment","10":"tag-fr","11":"tag-france","12":"tag-music","13":"tag-musique"},"share_on_mastodon":{"url":"https:\/\/pubeurope.com\/@fr\/115111428772765511","error":""},"_links":{"self":[{"href":"https:\/\/www.europesays.com\/fr\/wp-json\/wp\/v2\/posts\/351785","targetHints":{"allow":["GET"]}}],"collection":[{"href":"https:\/\/www.europesays.com\/fr\/wp-json\/wp\/v2\/posts"}],"about":[{"href":"https:\/\/www.europesays.com\/fr\/wp-json\/wp\/v2\/types\/post"}],"author":[{"embeddable":true,"href":"https:\/\/www.europesays.com\/fr\/wp-json\/wp\/v2\/users\/2"}],"replies":[{"embeddable":true,"href":"https:\/\/www.europesays.com\/fr\/wp-json\/wp\/v2\/comments?post=351785"}],"version-history":[{"count":0,"href":"https:\/\/www.europesays.com\/fr\/wp-json\/wp\/v2\/posts\/351785\/revisions"}],"wp:featuredmedia":[{"embeddable":true,"href":"https:\/\/www.europesays.com\/fr\/wp-json\/wp\/v2\/media\/351786"}],"wp:attachment":[{"href":"https:\/\/www.europesays.com\/fr\/wp-json\/wp\/v2\/media?parent=351785"}],"wp:term":[{"taxonomy":"category","embeddable":true,"href":"https:\/\/www.europesays.com\/fr\/wp-json\/wp\/v2\/categories?post=351785"},{"taxonomy":"post_tag","embeddable":true,"href":"https:\/\/www.europesays.com\/fr\/wp-json\/wp\/v2\/tags?post=351785"}],"curies":[{"name":"wp","href":"https:\/\/api.w.org\/{rel}","templated":true}]}}