{"id":351787,"date":"2025-08-29T09:49:13","date_gmt":"2025-08-29T09:49:13","guid":{"rendered":"https:\/\/www.europesays.com\/fr\/351787\/"},"modified":"2025-08-29T09:49:13","modified_gmt":"2025-08-29T09:49:13","slug":"bobo-varie-nombriliste-profond-le-cinema-francais-vu-par-ses-spectateurs","status":"publish","type":"post","link":"https:\/\/www.europesays.com\/fr\/351787\/","title":{"rendered":"\u00ab\u00a0Bobo\u00a0\u00bb, \u00ab\u00a0vari\u00e9\u00a0\u00bb, \u00ab\u00a0nombriliste\u00a0\u00bb, \u00ab\u00a0profond\u00a0\u00bb\u2026 Le cin\u00e9ma fran\u00e7ais vu par ses spectateurs"},"content":{"rendered":"<p class=\"paragraph text_align_left lp-f-body-02\">\u00ab <a href=\"https:\/\/www.leparisien.fr\/culture-loisirs\/cinema\/autour-de-pierre-niney-un-nouveau-comte-de-monte-cristo-romantique-et-flamboyant-27-06-2024-PATHQE63YBEJ7ISUVCIX3XIUVA.php\" target=\"_blank\" rel=\"noreferrer nofollow noopener\">\u00ab Le Comte de Monte-Cristo \u00bb<\/a> et <a href=\"https:\/\/www.leparisien.fr\/culture-loisirs\/cinema\/les-trois-mousquetaires-dartagnan-quel-panache-05-04-2023-P7RVGYWDZZAOJOBWSSEIOQRBOM.php\" target=\"_blank\" rel=\"noreferrer nofollow noopener\">\u00ab Les Trois Mousquetaires \u00bb<\/a>, c\u2019est du vrai cin\u00e9ma ! s\u2019enthousiasme Annie, conseill\u00e8re en insertion de 57 ans. On ne sait pas faire de science-fiction, mais on est dou\u00e9s pour les films historiques. Et on a aussi de tr\u00e8s bons policiers, comme <a href=\"https:\/\/www.leparisien.fr\/culture-loisirs\/cinema\/novembre-bac-nord-cedric-jimenez-secoue-le-cinema-francais-28-12-2022-6PPHVETJXJCGLFWIX7NND3IICE.php\" target=\"_blank\" rel=\"noreferrer nofollow noopener\">\u00ab BAC Nord \u00bb ou \u00ab Novembre \u00bb<\/a>. C\u00e9line, 50 ans, acquiesce : \u00ab Les thrillers sont de mieux en mieux \u00bb, estime cette adepte des polars d\u2019Olivier Marchal.<\/p>\n","protected":false},"excerpt":{"rendered":"\u00ab \u00ab Le Comte de Monte-Cristo \u00bb et \u00ab Les Trois Mousquetaires \u00bb, c\u2019est du vrai cin\u00e9ma !&hellip;\n","protected":false},"author":2,"featured_media":351788,"comment_status":"","ping_status":"","sticky":false,"template":"","format":"standard","meta":{"footnotes":""},"categories":[1354],"tags":[650,872,58,59,1346,1011,27,1360],"class_list":{"0":"post-351787","1":"post","2":"type-post","3":"status-publish","4":"format-standard","5":"has-post-thumbnail","7":"category-films","8":"tag-cinema","9":"tag-culture-et-loisirs","10":"tag-divertissement","11":"tag-entertainment","12":"tag-films","13":"tag-fr","14":"tag-france","15":"tag-movies"},"share_on_mastodon":{"url":"https:\/\/pubeurope.com\/@fr\/115111432317387403","error":""},"_links":{"self":[{"href":"https:\/\/www.europesays.com\/fr\/wp-json\/wp\/v2\/posts\/351787","targetHints":{"allow":["GET"]}}],"collection":[{"href":"https:\/\/www.europesays.com\/fr\/wp-json\/wp\/v2\/posts"}],"about":[{"href":"https:\/\/www.europesays.com\/fr\/wp-json\/wp\/v2\/types\/post"}],"author":[{"embeddable":true,"href":"https:\/\/www.europesays.com\/fr\/wp-json\/wp\/v2\/users\/2"}],"replies":[{"embeddable":true,"href":"https:\/\/www.europesays.com\/fr\/wp-json\/wp\/v2\/comments?post=351787"}],"version-history":[{"count":0,"href":"https:\/\/www.europesays.com\/fr\/wp-json\/wp\/v2\/posts\/351787\/revisions"}],"wp:featuredmedia":[{"embeddable":true,"href":"https:\/\/www.europesays.com\/fr\/wp-json\/wp\/v2\/media\/351788"}],"wp:attachment":[{"href":"https:\/\/www.europesays.com\/fr\/wp-json\/wp\/v2\/media?parent=351787"}],"wp:term":[{"taxonomy":"category","embeddable":true,"href":"https:\/\/www.europesays.com\/fr\/wp-json\/wp\/v2\/categories?post=351787"},{"taxonomy":"post_tag","embeddable":true,"href":"https:\/\/www.europesays.com\/fr\/wp-json\/wp\/v2\/tags?post=351787"}],"curies":[{"name":"wp","href":"https:\/\/api.w.org\/{rel}","templated":true}]}}