{"id":351797,"date":"2025-08-29T09:54:13","date_gmt":"2025-08-29T09:54:13","guid":{"rendered":"https:\/\/www.europesays.com\/fr\/351797\/"},"modified":"2025-08-29T09:54:13","modified_gmt":"2025-08-29T09:54:13","slug":"pour-le-patron-du-medef-attal-retailleau-et-bardella-sont-plus-conscients-des-perils-economiques-29-08-2025-a-1024","status":"publish","type":"post","link":"https:\/\/www.europesays.com\/fr\/351797\/","title":{"rendered":"Pour le patron du Medef, Attal, Retailleau et Bardella sont plus \u00ab\u00a0conscients des p\u00e9rils\u00a0\u00bb \u00e9conomiques &#8211; 29\/08\/2025 \u00e0 10:24"},"content":{"rendered":"<p>        <img fetchpriority=\"high\" decoding=\"async\" src=\"https:\/\/www.europesays.com\/fr\/wp-content\/uploads\/2025\/08\/8c909600a76033d24fd70d8545b8f3db-760x506.jpg\" alt=\"Le pr\u00e9sident du Medef Patrick Martin s'exprime lors de l'\u00e9v\u00e9nement de rentr\u00e9e de l'organisation patronale le 28 ao\u00fbt 2025 \u00e0 Paris  ( POOL \/ Thibaud MORITZ )\" loading=\"eager\" width=\"760\" height=\"506\" style=\"max-width: 100%!important; height: auto;\"\/><\/p>\n<p class=\"c-image-news__legend\">Le pr\u00e9sident du Medef Patrick Martin s&rsquo;exprime lors de l&rsquo;\u00e9v\u00e9nement de rentr\u00e9e de l&rsquo;organisation patronale le 28 ao\u00fbt 2025 \u00e0 Paris  ( POOL \/ Thibaud MORITZ )<\/p>\n<p>\n Le patron du Medef Patrick Martin a estim\u00e9 vendredi que parmi les chefs de partis qui s&rsquo;\u00e9taient rendus \u00e0 l&rsquo;universit\u00e9 d&rsquo;\u00e9t\u00e9 de l&rsquo;organisation patronale, Gabriel Attal, Bruno Retailleau et \u00ab\u00a0dans une certaine mesure\u00a0\u00bb Jordan Bardella se sont montr\u00e9s \u00ab\u00a0plus conscients des p\u00e9rils\u00a0\u00bb \u00e9conomiques.\n<\/p>\n<p>\n \u00ab\u00a0Certains\u00a0\u00bb des responsables politiques convi\u00e9s \u00e0 l&rsquo;universit\u00e9 d&rsquo;\u00e9t\u00e9 du Medef jeudi \u00ab\u00a0n&rsquo;ont absolument pas fait r\u00e9f\u00e9rence aux Etats-Unis, au prix de l&rsquo;\u00e9nergie, au durcissement de la concurrence incroyable\u00a0\u00bb ou encore \u00ab\u00a0\u00e0 une Europe qui n&rsquo;a pas \u00e9t\u00e9 \u00e0 la hauteur de la situation dans les n\u00e9gociations avec les Etats-Unis\u00a0\u00bb, a affirm\u00e9 Patrick Martin sur Radio Classique.\n<\/p>\n<p>\n \u00ab\u00a0D&rsquo;autres, manifestement, sont plus conscients\u00a0\u00bb des \u00ab\u00a0p\u00e9rils \u00e9conomiques\u00a0\u00bb, a-t-il estim\u00e9. \u00ab\u00a0Ce n&rsquo;est pas un parti pris de ma part, mais c&rsquo;est plut\u00f4t Gabriel Attal (Renaissance, NDLR), Bruno Retailleau (LR), dans une certaine mesure Jordan Bardella (Rassemblement national)\u00a0\u00bb.\n<\/p>\n<p>\n Parmi les autres chefs de parti et responsables politiques invit\u00e9s \u00e0 l&rsquo;universit\u00e9 du Medef &#8211; la REF &#8211; figuraient Manuel Bompard (LFI), Marine Tondelier (Les Ecologistes) et Fabien Roussel (PCF).\n<\/p>\n<p>\n D&rsquo;autres \u00e9taient absents pour des raisons d&rsquo;agenda, comme Olivier Faure (PS) et Edouard Philippe (Horizons).\n<\/p>\n<p>\n Le pr\u00e9sident de la premi\u00e8re organisation patronale de France a toutefois avanc\u00e9 qu&rsquo;il n&rsquo;entendait pas \u00ab\u00a0distribuer les bons et les mauvais points, ce qui nous importait, c&rsquo;\u00e9tait d&rsquo;abord de passer nos messages.\u00a0\u00bb\n<\/p>\n<p>\n \u00ab\u00a0On est assez inquiets, abasourdis de voir qu&rsquo;il y a un d\u00e9bat politique qui est assez picrocholin\u00a0\u00bb, a estim\u00e9 Patrick Martin, d\u00e9non\u00e7ant \u00ab\u00a0un tr\u00e8s court-termisme qui ne prend pas suffisamment en compte la r\u00e9alit\u00e9 des choses\u00a0\u00bb.\n<\/p>\n<p>\n Concernant le discours du Premier ministre Fran\u00e7ois Bayrou jeudi \u00e0 la REF, \u00ab\u00a0il y a quand m\u00eame un certain nombre de points positifs\u00a0\u00bb, a ajout\u00e9 Patrick Martin.\n<\/p>\n<p>\n \u00ab\u00a0Le Premier ministre a dit que rien dans le prochain budget, pour autant que ce soit lui qui le porte, ne sera fait au d\u00e9triment de la croissance et de la comp\u00e9titivit\u00e9 des entreprises et c&rsquo;est \u00e9videmment cela notre gros souci\u00a0\u00bb, a-t-il relev\u00e9.<\/p>\n","protected":false},"excerpt":{"rendered":"Le pr\u00e9sident du Medef Patrick Martin s&rsquo;exprime lors de l&rsquo;\u00e9v\u00e9nement de rentr\u00e9e de l&rsquo;organisation patronale le 28 ao\u00fbt&hellip;\n","protected":false},"author":2,"featured_media":351798,"comment_status":"","ping_status":"","sticky":false,"template":"","format":"standard","meta":{"footnotes":""},"categories":[6],"tags":[400,398,408,35,405,33,34,1011,27,403,402,399,404,401,406,407],"class_list":{"0":"post-351797","1":"post","2":"type-post","3":"status-publish","4":"format-standard","5":"has-post-thumbnail","7":"category-economie","8":"tag-action-cac-40","9":"tag-bourse-de-paris","10":"tag-boursorama","11":"tag-business","12":"tag-cotations","13":"tag-economie","14":"tag-economy","15":"tag-fr","16":"tag-france","17":"tag-indices-devises","18":"tag-investir","19":"tag-investissement","20":"tag-marche-boursier","21":"tag-sicav","22":"tag-trackers","23":"tag-warrants"},"share_on_mastodon":{"url":"https:\/\/pubeurope.com\/@fr\/115111452028443514","error":""},"_links":{"self":[{"href":"https:\/\/www.europesays.com\/fr\/wp-json\/wp\/v2\/posts\/351797","targetHints":{"allow":["GET"]}}],"collection":[{"href":"https:\/\/www.europesays.com\/fr\/wp-json\/wp\/v2\/posts"}],"about":[{"href":"https:\/\/www.europesays.com\/fr\/wp-json\/wp\/v2\/types\/post"}],"author":[{"embeddable":true,"href":"https:\/\/www.europesays.com\/fr\/wp-json\/wp\/v2\/users\/2"}],"replies":[{"embeddable":true,"href":"https:\/\/www.europesays.com\/fr\/wp-json\/wp\/v2\/comments?post=351797"}],"version-history":[{"count":0,"href":"https:\/\/www.europesays.com\/fr\/wp-json\/wp\/v2\/posts\/351797\/revisions"}],"wp:featuredmedia":[{"embeddable":true,"href":"https:\/\/www.europesays.com\/fr\/wp-json\/wp\/v2\/media\/351798"}],"wp:attachment":[{"href":"https:\/\/www.europesays.com\/fr\/wp-json\/wp\/v2\/media?parent=351797"}],"wp:term":[{"taxonomy":"category","embeddable":true,"href":"https:\/\/www.europesays.com\/fr\/wp-json\/wp\/v2\/categories?post=351797"},{"taxonomy":"post_tag","embeddable":true,"href":"https:\/\/www.europesays.com\/fr\/wp-json\/wp\/v2\/tags?post=351797"}],"curies":[{"name":"wp","href":"https:\/\/api.w.org\/{rel}","templated":true}]}}