{"id":351799,"date":"2025-08-29T09:55:11","date_gmt":"2025-08-29T09:55:11","guid":{"rendered":"https:\/\/www.europesays.com\/fr\/351799\/"},"modified":"2025-08-29T09:55:11","modified_gmt":"2025-08-29T09:55:11","slug":"larmee-israelienne-annonce-la-fin-de-sa-pause-tactique-quotidienne-autour-de-la-ville-de-gaza-qui-devait-faciliter-laide-humanitaire","status":"publish","type":"post","link":"https:\/\/www.europesays.com\/fr\/351799\/","title":{"rendered":"l\u2019arm\u00e9e isra\u00e9lienne annonce la fin de sa \u00ab\u00a0pause tactique\u00a0\u00bb quotidienne autour de la ville de Gaza, qui devait faciliter l\u2019aide humanitaire"},"content":{"rendered":"<p>   Des zones o\u00f9 les habitants de la ville de Gaza ont re\u00e7u l\u2019ordre de se rendre restent interdites aux civils, selon \u00ab\u00a0Haaretz\u00a0\u00bb             <\/p>\n<p class=\"post__live-container--answer-text post__space-node\">Plusieurs secteurs dans lesquels les habitants de la ville de Gaza ont re\u00e7u l\u2019ordre de se d\u00e9placer ont \u00e9t\u00e9 d\u00e9sign\u00e9s par l\u2019arm\u00e9e isra\u00e9lienne comme des zones o\u00f9 les civils peuvent \u00eatre danger, \u00e9crit <a href=\"https:\/\/www.haaretz.com\/israel-news\/2025-08-28\/ty-article\/.premium\/idf-orders-gaza-city-palestinians-to-transfer-to-areas-it-itself-deems-dangerous\/00000198-f007-decf-a7fd-f92fdb6e0000\" target=\"_blank\" rel=\"noopener nofollow\" title=\"Nouvelle fen\u00eatre\">le quotidien Haaretz<\/a>.<\/p>\n<p class=\"post__live-container--answer-text post__space-node\">Dans le<a href=\"https:\/\/t.me\/IDFSpokespersonArabic\/10370\" target=\"_blank\" rel=\"noopener nofollow\" title=\"Nouvelle fen\u00eatre\"> message diffus\u00e9 mercredi<\/a> pour ordonner l\u2019\u00e9vacuation de la ville avant le d\u00e9but de l\u2019op\u00e9ration qui doit permettre aux forces isra\u00e9liennes d\u2019en prendre le contr\u00f4le, Avichay Adraee, leur porte-parole arabophone, assure, carte \u00e0 l\u2019appui, que \u00ab\u00a0contrairement aux fausses rumeurs\u00a0\u00bb il existe de vastes \u00ab\u00a0zones vides\u00a0\u00bb dans le sud de la bande de Gaza.<\/p>\n<p>                 <img decoding=\"async\" class=\"post__live-container--img post__space-node\"  src=\"https:\/\/www.europesays.com\/fr\/wp-content\/uploads\/2025\/08\/9a86ba0_upload-1-uq8rzjxey6jm-784375.jpg\" data- alt=\"Des Palestiniens fuient la ville de Gaza en direction du sud, le 28\u00a0ao\u00fbt 2025.\"\/>   Des Palestiniens fuient la ville de Gaza en direction du sud, le 28\u00a0ao\u00fbt 2025. EYAD BABA\/AFP                 <img decoding=\"async\" class=\"post__live-container--img post__space-node\"  src=\"https:\/\/www.europesays.com\/fr\/wp-content\/uploads\/2025\/08\/1b7d7fe_upload-1-vmbgwiju4rf0-783665.jpg\" data- alt=\"Des Palestiniens d\u00e9plac\u00e9s quittent la ville de Gaza, o\u00f9 l\u2019arm\u00e9e isra\u00e9lienne poursuit ses op\u00e9rations, le 28\u00a0ao\u00fbt 2025.\"\/>   Des Palestiniens d\u00e9plac\u00e9s quittent la ville de Gaza, o\u00f9 l\u2019arm\u00e9e isra\u00e9lienne poursuit ses op\u00e9rations, le 28\u00a0ao\u00fbt 2025. EYAD BABA\/AFP               <\/p>\n<p class=\"post__live-container--answer-text post__space-node\">Or, selon l\u2019analyse du quotidien isra\u00e9lien et des cartographes Adi Ben\u00a0Nun, de l\u2019Universit\u00e9 h\u00e9bra\u00efque de J\u00e9rusalem, et Yaakov Garb, de l\u2019universit\u00e9 Ben-Gourion du N\u00e9guev, six des 19\u00a0zones d\u00e9sign\u00e9es sur la carte figurent totalement ou partiellement dans des secteurs \u00ab\u00a0rouges\u00a0\u00bb dont l\u2019arm\u00e9e interdit elle-m\u00eame l\u2019acc\u00e8s aux civils.<\/p>\n<p class=\"post__live-container--answer-text post__space-node\">\u00ab\u00a0A bien des \u00e9gards, la d\u00e9claration d\u2019Adraee laisse les habitants de Gaza dans l\u2019incertitude, car ils n\u2019ont pas \u00e9t\u00e9 inform\u00e9s que les zones pr\u00e9c\u00e9demment d\u00e9clar\u00e9es rouges ne sont plus interdites\u00a0\u00bb, \u00e9crit Haaretz, ajoutant que les secteurs d\u00e9sign\u00e9s pour le relogement des habitants de la ville de Gaza \u00ab\u00a0sont trop petits pour r\u00e9pondre aux besoins de la population\u00a0\u00bb.<\/p>\n<p class=\"post__live-container--answer-text post__space-node\">\u00ab\u00a0Ce que l\u2019arm\u00e9e d\u2019occupation pr\u00e9tend au sujet de l\u2019existence de \u201cvastes espaces vides\u201d dans le sud de la bande de Gaza est une all\u00e9gation mensong\u00e8re qui contredit les r\u00e9alit\u00e9s sur le terrain et constitue une tentative de tromper l\u2019opinion publique internationale et de dissimuler le crime de \u201cd\u00e9placement forc\u00e9\u201d \u00e0 grande \u00e9chelle\u00a0\u00bb, s\u2019indigne, quant \u00e0 lui, le bureau d\u2019information du gouvernement de l\u2019enclave administr\u00e9e par le Hamas.<\/p>\n<p class=\"post__live-container--answer-text post__space-node\">De nombreuses organisations humanitaires jugent cette \u00e9vacuation irr\u00e9aliste et dangereuse. Les Nations unies estiment \u00e0 pr\u00e8s d\u2019un million de personnes la population actuelle du gouvernorat de Gaza, qui comprend la ville et ses environs.<\/p>\n","protected":false},"excerpt":{"rendered":"Des zones o\u00f9 les habitants de la ville de Gaza ont re\u00e7u l\u2019ordre de se rendre restent interdites&hellip;\n","protected":false},"author":2,"featured_media":351800,"comment_status":"","ping_status":"","sticky":false,"template":"","format":"standard","meta":{"footnotes":""},"categories":[5],"tags":[11,1011,27,14,12,28],"class_list":{"0":"post-351799","1":"post","2":"type-post","3":"status-publish","4":"format-standard","5":"has-post-thumbnail","7":"category-international","8":"tag-actualites","9":"tag-fr","10":"tag-france","11":"tag-international","12":"tag-news","13":"tag-world"},"share_on_mastodon":{"url":"https:\/\/pubeurope.com\/@fr\/115111456009081624","error":""},"_links":{"self":[{"href":"https:\/\/www.europesays.com\/fr\/wp-json\/wp\/v2\/posts\/351799","targetHints":{"allow":["GET"]}}],"collection":[{"href":"https:\/\/www.europesays.com\/fr\/wp-json\/wp\/v2\/posts"}],"about":[{"href":"https:\/\/www.europesays.com\/fr\/wp-json\/wp\/v2\/types\/post"}],"author":[{"embeddable":true,"href":"https:\/\/www.europesays.com\/fr\/wp-json\/wp\/v2\/users\/2"}],"replies":[{"embeddable":true,"href":"https:\/\/www.europesays.com\/fr\/wp-json\/wp\/v2\/comments?post=351799"}],"version-history":[{"count":0,"href":"https:\/\/www.europesays.com\/fr\/wp-json\/wp\/v2\/posts\/351799\/revisions"}],"wp:featuredmedia":[{"embeddable":true,"href":"https:\/\/www.europesays.com\/fr\/wp-json\/wp\/v2\/media\/351800"}],"wp:attachment":[{"href":"https:\/\/www.europesays.com\/fr\/wp-json\/wp\/v2\/media?parent=351799"}],"wp:term":[{"taxonomy":"category","embeddable":true,"href":"https:\/\/www.europesays.com\/fr\/wp-json\/wp\/v2\/categories?post=351799"},{"taxonomy":"post_tag","embeddable":true,"href":"https:\/\/www.europesays.com\/fr\/wp-json\/wp\/v2\/tags?post=351799"}],"curies":[{"name":"wp","href":"https:\/\/api.w.org\/{rel}","templated":true}]}}