{"id":351803,"date":"2025-08-29T09:57:10","date_gmt":"2025-08-29T09:57:10","guid":{"rendered":"https:\/\/www.europesays.com\/fr\/351803\/"},"modified":"2025-08-29T09:57:10","modified_gmt":"2025-08-29T09:57:10","slug":"limogeage-demissions-pressions-aux-etats-unis-la-sante-publique-plus-que-jamais-sous-la-botte-des-antivax-liberation","status":"publish","type":"post","link":"https:\/\/www.europesays.com\/fr\/351803\/","title":{"rendered":"Limogeage, d\u00e9missions, pressions : aux Etats-Unis, la sant\u00e9 publique plus que jamais sous la botte des antivax &#8211; Lib\u00e9ration"},"content":{"rendered":"<ol>\n<li><a href=\"https:\/\/news.google.com\/rss\/articles\/CBMimwJBVV95cUxPa0VOLXUxaHhZbUtzQWhCQWR1TXN3aWwySmhnN0l5T2xad0hySHlHbjd2N1ZmTFZDbk9OMUIzVUxKWnFjOTR4dnFIdjgtbnZVQ3daMERtNEVLXzl4YThzRkZMTlhoamJKM0VEcTAtVnBzOW1TVFhPMGExR3JtMmpidGJueFI0LWhTOWZ6VGVLc0hzVTNta2w1R0RuN1phX3NRekoxWXVHZVpvMUdVM1d5S1FydFFqRG9RamVXWm9mTjE0a095eGVFV0oxbTNYdWpKZG5MdkM3OVZ5VE93eDRHRVI0cFdGeDlDMHAtUU5HaGNEejNGRENkcm90SkxhbmNIYjQ2Y0Y0UFpkWjc3S0hrWG84eVJkN19GN3lz?oc=5\" target=\"_blank\" rel=\"noopener\">Limogeage, d\u00e9missions, pressions : aux Etats-Unis, la sant\u00e9 publique plus que jamais sous la botte des antivax<\/a>&nbsp;&nbsp;Lib\u00e9ration<\/li>\n<li><a href=\"https:\/\/news.google.com\/rss\/articles\/CBMi4gFBVV95cUxNb1dfcVdjbHNzdXdRcEZVbWVXR3E1TWg0RllvRUJDcGpXRkFJdWNlUGpTQXBEWGl3NEFLLS1HUWlWQlJMLU5selpLYlQ5dWNWMU1mb0dPYVVmXzd0OXpFM0p6SC1paHowcnhZMzEyNWJ5Yk5kbGVuV01XdFoyNTh2bUtzLVhLUm5hLWdYUXhuWXFqMmhYeFhoRjUxX3gyWHMyUGZ3X1R2eGRFTEd2NFpTNlZmQXdQNXVhdld3djBkbENZcXZ4V3FHV3ItSEdTeUltOTBkWl9PUnZPN2djQlNuakFn?oc=5\" target=\"_blank\" rel=\"noopener\">La principale agence sanitaire am\u00e9ricaine d\u00e9capit\u00e9e par Trump et Robert F. Kennedy Jr<\/a>&nbsp;&nbsp;Courrier international<\/li>\n<li><a href=\"https:\/\/news.google.com\/rss\/articles\/CBMiqgJBVV95cUxPN1JqSGx2ZkV2MUlXUVpWV3NEOWF1Qm5NdHh6Vk1FbW5oUkVtM1kwQTljNF83Q0ptdHJNdTFKbDhxTUtONXpTODBCdVFjanpDSEVtYUQ3WU81QXptQUlYSGs2WmRobXNxSnpXMTEtRk9vTUk1LW1hTE5sV3pBZ3hMWnRfVGZGUDdOQ3JGM2Z4dkVKLWVSQXU2ZEd0MFlzMWZNMWxIbGxLWDJfXzZKd1pvLWZsR1JRdU9tSVBINWNmb1lnQU5zbDZWMEJjNlFYQkQwaHlpNXpZSVpJaDZ3bTBqNjJ5djFhb0lKYzN4aG81SE8tUXZrdEtVREJwbm9iZ3psT3V5S2g3MWl3VnNmOWJMcGJsQXlQTV8tRmR0QjZscmUtclluS3FhckJn?oc=5\" target=\"_blank\" rel=\"noopener\">Susan Monarez, la directrice de la principale agence sanitaire des Etats-Unis, limog\u00e9e sur fond de divergences sur la politique vaccinale<\/a>&nbsp;&nbsp;Le Monde.fr<\/li>\n<li><a href=\"https:\/\/news.google.com\/rss\/articles\/CBMitAFBVV95cUxNb2FQdnFJTkpxWVlhQVFpcFBFQ3JKRmI1el9nZGV0QTFtUlJnMzN4STNOV1EyU05xaWZKM09TU2prcXdUaGk1ZWFWUnp4YnFFcWt0S2hmZ2MtcnJseldLd0NNelJoNVg4UFJXOHUzWmlKX3RtWHZCVFVFN0xxY1pqcHk1dnVCTzlVUWo4LUF3blR4amRlYm1haDh4cXFxbmxGam42c0hJckRRbnJ4aXhLcXkxQUI?oc=5\" target=\"_blank\" rel=\"noopener\">Entre le ministre Robert F. Kennedy Jr et le monde am\u00e9ricain de la sant\u00e9, rien ne va plus<\/a>&nbsp;&nbsp;France 24<\/li>\n<li><a href=\"https:\/\/news.google.com\/rss\/articles\/CBMi9AFBVV95cUxQNnZZMUZIZ0U5WXpRRVd1VUJuY1NwcDZ3UGNXLUVyS0Fna3VNMDFVUGJ3dkpjN1VyZFpKODVHTDN0cm1LbmhfWVlQeUhTaDFWQ3k0Y1ZpZ2JVa3ozRU12QkhtdjVHM3JkVTJhSjg2MDdVRW1mVWxid1EtVHRUOGd3eFFaUnF1d1JiS1VmLWl6V1p0UEVIRVhrcmlkTzIxOHJrUUNPZWxSQVc1QlBkeEFneWhkS0c5N1ZLVWhjd012SzFIRnFnWjk2SkdEZU1GRTU0SjhoeDFpS25GMkVacnd5R0JQSGZLZmJTeVFoUV8xVXVQeGta?oc=5\" target=\"_blank\" rel=\"noopener\">\u00c9tats-Unis : la remise en cause des politiques de vaccination par Robert Kennedy Jr ouvre une crise au sein de la sant\u00e9 publique<\/a>&nbsp;&nbsp;Le Figaro<\/li>\n<\/ol>\n","protected":false},"excerpt":{"rendered":"Limogeage, d\u00e9missions, pressions : aux Etats-Unis, la sant\u00e9 publique plus que jamais sous la botte des antivax&nbsp;&nbsp;Lib\u00e9ration La&hellip;\n","protected":false},"author":2,"featured_media":351804,"comment_status":"","ping_status":"","sticky":false,"template":"","format":"standard","meta":{"footnotes":""},"categories":[2],"tags":[11,75,73,1011,27,12,773],"class_list":{"0":"post-351803","1":"post","2":"type-post","3":"status-publish","4":"format-standard","5":"has-post-thumbnail","7":"category-actualites","8":"tag-actualites","9":"tag-donald-trump","10":"tag-etats-unis","11":"tag-fr","12":"tag-france","13":"tag-news","14":"tag-vaccin"},"share_on_mastodon":{"url":"https:\/\/pubeurope.com\/@fr\/115111463809296339","error":""},"_links":{"self":[{"href":"https:\/\/www.europesays.com\/fr\/wp-json\/wp\/v2\/posts\/351803","targetHints":{"allow":["GET"]}}],"collection":[{"href":"https:\/\/www.europesays.com\/fr\/wp-json\/wp\/v2\/posts"}],"about":[{"href":"https:\/\/www.europesays.com\/fr\/wp-json\/wp\/v2\/types\/post"}],"author":[{"embeddable":true,"href":"https:\/\/www.europesays.com\/fr\/wp-json\/wp\/v2\/users\/2"}],"replies":[{"embeddable":true,"href":"https:\/\/www.europesays.com\/fr\/wp-json\/wp\/v2\/comments?post=351803"}],"version-history":[{"count":0,"href":"https:\/\/www.europesays.com\/fr\/wp-json\/wp\/v2\/posts\/351803\/revisions"}],"wp:featuredmedia":[{"embeddable":true,"href":"https:\/\/www.europesays.com\/fr\/wp-json\/wp\/v2\/media\/351804"}],"wp:attachment":[{"href":"https:\/\/www.europesays.com\/fr\/wp-json\/wp\/v2\/media?parent=351803"}],"wp:term":[{"taxonomy":"category","embeddable":true,"href":"https:\/\/www.europesays.com\/fr\/wp-json\/wp\/v2\/categories?post=351803"},{"taxonomy":"post_tag","embeddable":true,"href":"https:\/\/www.europesays.com\/fr\/wp-json\/wp\/v2\/tags?post=351803"}],"curies":[{"name":"wp","href":"https:\/\/api.w.org\/{rel}","templated":true}]}}