{"id":351811,"date":"2025-08-29T10:01:12","date_gmt":"2025-08-29T10:01:12","guid":{"rendered":"https:\/\/www.europesays.com\/fr\/351811\/"},"modified":"2025-08-29T10:01:12","modified_gmt":"2025-08-29T10:01:12","slug":"un-homme-tue-en-plein-apres-midi-devant-son-fils-ce-que-lon-sait","status":"publish","type":"post","link":"https:\/\/www.europesays.com\/fr\/351811\/","title":{"rendered":"un homme tu\u00e9 en plein apr\u00e8s-midi devant son fils, ce\u00a0que\u00a0l&rsquo;on\u00a0sait"},"content":{"rendered":"<p>            Par<br \/>\n        <strong><br \/>\n            <a href=\"https:\/\/actu.fr\/auteur\/amandine-mehl\" title=\"Consulter tous les articles de Amandine Mehl\" target=\"_blank\" rel=\"noopener\">Amandine Mehl<\/a><br \/>\n        <\/strong><\/p>\n<p>        Publi\u00e9 le<\/p>\n<p>            29 ao\u00fbt 2025 \u00e0 11h44        <\/p>\n<p>Un <strong>homme \u00e2g\u00e9 de 61\u00a0ans<\/strong> a \u00e9t\u00e9 <strong>tu\u00e9<\/strong>, jeudi 28\u00a0ao\u00fbt 2025, aux environs de 16h30, place des Flandres, \u00e0 Vand\u0153uvre-l\u00e8s-Nancy.<\/p>\n<p class=\" wall-content\">Une information relay\u00e9e par <a href=\"https:\/\/www.estrepublicain.fr\/faits-divers-justice\/2025\/08\/28\/un-pere-de-famille-tue-a-l-armee-blanche-dans-la-rue-un-ou-plusieurs-suspects-recherches\" target=\"_blank\" rel=\"noopener\">L\u2019Est R\u00e9publicain<\/a> et confirm\u00e9e par Lorraine Actu.<\/p>\n<p>Un homme tu\u00e9 devant de nombreux t\u00e9moins<\/p>\n<p class=\" wall-content\">Selon une source proche du dossier, le drame s\u2019est d\u00e9roul\u00e9 au <strong>pied d\u2019un immeuble<\/strong>, devant <strong>de nombreux t\u00e9moins<\/strong>. Il semblerait que la victime et son <strong>fils<\/strong>, \u00e2g\u00e9 d\u2019une vingtaine d\u2019ann\u00e9es, avaient <strong>rendez-vous<\/strong> avec un <strong>homme \u00e2g\u00e9 d\u2019une cinquantaine d\u2019ann\u00e9es<\/strong>.<\/p>\n<p class=\" wall-content\">\u00ab\u2009Visiblement, ils avaient <strong>pr\u00e9vu de se voir pour r\u00e9gler leurs comptes<\/strong>, car le fils avait <strong>deux matraques t\u00e9lescopiques<\/strong> sur lui\u2009\u00bb, pr\u00e9cise notre interlocuteur.<\/p>\n<p>Le p\u00e8re de famille a \u00e9t\u00e9 d\u00e9clar\u00e9 d\u00e9c\u00e9d\u00e9 sur les lieux du drame<\/p>\n<p class=\" wall-content\">Le quinquag\u00e9naire a ass\u00e9n\u00e9 un coup de couteau* au niveau du thorax au p\u00e8re de famille. Malgr\u00e9 l\u2019intervention des secours, la victime a \u00e9t\u00e9 <strong>d\u00e9clar\u00e9e d\u00e9c\u00e9d\u00e9e<\/strong> sur les lieux du drame.<\/p>\n<p class=\" wall-content\">Le fils a quant \u00e0 lui re\u00e7u un coup de couteau au niveau de l\u2019abdomen, mais de <strong>gravit\u00e9 moindre<\/strong>, et a \u00e9t\u00e9 transport\u00e9 \u00e0 l\u2019h\u00f4pital avant d\u2019\u00eatre plac\u00e9 en garde \u00e0 vue.<\/p>\n<p>Votre r\u00e9gion, votre actu !<\/p>\n<p>Recevez chaque jour les infos qui comptent pour vous.<\/p>\n<p>\t<a href=\"https:\/\/actu.fr\/newsletter\" class=\"ac-btn ac-btn--corner ac-btn--medium ac-btn--blue800\" target=\"_blank\" rel=\"noopener\">S&rsquo;incrire<\/a><br \/>\nUn suspect, jusque-l\u00e0 inconnu des services de police, interpell\u00e9<\/p>\n<p class=\" wall-content\">Sur place, les forces de l\u2019ordre sont parvenues, gr\u00e2ce \u00e0 diff\u00e9rents t\u00e9moignages, \u00e0 identifier l\u2019auteur des faits. Il a \u00e9t\u00e9 <strong>interpell\u00e9<\/strong> \u00e0 proximit\u00e9 de son domicile et pr\u00e9sentait une <strong>plaie \u00e0 la t\u00eate<\/strong>. Cet homme n\u2019\u00e9tait <strong>pas connu<\/strong> des services de <a href=\"https:\/\/actu.fr\/tag\/police\" target=\"_blank\" rel=\"noopener\">police<\/a>, hormis pour une infraction routi\u00e8re.<\/p>\n<p class=\" wall-content\">Certains t\u00e9moins ont d\u2019abord indiqu\u00e9 que la rixe impliquait davantage d\u2019individus qui avaient pris la fuite. \u00ab\u2009C\u2019\u00e9tait <strong>un peu flou<\/strong>, comme le motif qui reste obscur. Tout serait parti d\u2019un <strong>conflit qui opposait ces membres de la communaut\u00e9 russophone<\/strong>. Est-ce qu\u2019ils savaient qu\u2019ils allaient se croiser\u2009? Est-ce qu\u2019ils avaient rendez-vous\u2009? On ne conna\u00eet pas la nature des liens entre les victimes et le quinquag\u00e9naire\u2009\u00bb, pr\u00e9cise notre source.<\/p>\n<p class=\" wall-content\">Une enqu\u00eate a \u00e9t\u00e9 <strong>ouverte<\/strong> et confi\u00e9e \u00e0 la division de la criminalit\u00e9 organis\u00e9e et sp\u00e9cialis\u00e9e.<\/p>\n<p class=\" wall-content\">*Des t\u00e9moins ont indiqu\u00e9 que l\u2019agresseur \u00e9tait porteur d\u2019une machette, mais l\u2019arme <strong>n\u2019a pas \u00e9t\u00e9 retrouv\u00e9e<\/strong>. Au vu de la nature des plaies cependant, il semblerait que l\u2019arme utilis\u00e9e soit un couteau.<\/p>\n<p class=\" wall-content\">Personnalisez votre actualit\u00e9 en ajoutant vos villes et m\u00e9dias en favori avec <a href=\"https:\/\/moncompte.actu.fr\" title=\"D\u00e9couvez Mon Actu\" rel=\"nofollow noopener\" data-trk=\"{&quot;cta&quot;:{&quot;action&quot;:&quot;https:\\\/\\\/moncompte.actu.fr&quot;,&quot;category&quot;:&quot;mon compte&quot;,&quot;from&quot;:&quot;article footer&quot;,&quot;name&quot;:&quot;Mon actu&quot;,&quot;type&quot;:&quot;cta&quot;}}\" target=\"_blank\">Mon Actu<\/a>.<\/p>\n","protected":false},"excerpt":{"rendered":"Par Amandine Mehl Publi\u00e9 le 29 ao\u00fbt 2025 \u00e0 11h44 Un homme \u00e2g\u00e9 de 61\u00a0ans a \u00e9t\u00e9 tu\u00e9,&hellip;\n","protected":false},"author":2,"featured_media":351812,"comment_status":"","ping_status":"","sticky":false,"template":"","format":"standard","meta":{"footnotes":""},"categories":[9635],"tags":[1111,11,1777,674,118,1011,27,775,777,1702,12,1072,25],"class_list":{"0":"post-351811","1":"post","2":"type-post","3":"status-publish","4":"format-standard","5":"has-post-thumbnail","7":"category-nancy","8":"tag-actu","9":"tag-actualites","10":"tag-eu","11":"tag-europe","12":"tag-faits-divers","13":"tag-fr","14":"tag-france","15":"tag-grand-est","16":"tag-meurtre","17":"tag-nancy","18":"tag-news","19":"tag-police","20":"tag-republique-francaise"},"share_on_mastodon":{"url":"https:\/\/pubeurope.com\/@fr\/115111479480664887","error":""},"_links":{"self":[{"href":"https:\/\/www.europesays.com\/fr\/wp-json\/wp\/v2\/posts\/351811","targetHints":{"allow":["GET"]}}],"collection":[{"href":"https:\/\/www.europesays.com\/fr\/wp-json\/wp\/v2\/posts"}],"about":[{"href":"https:\/\/www.europesays.com\/fr\/wp-json\/wp\/v2\/types\/post"}],"author":[{"embeddable":true,"href":"https:\/\/www.europesays.com\/fr\/wp-json\/wp\/v2\/users\/2"}],"replies":[{"embeddable":true,"href":"https:\/\/www.europesays.com\/fr\/wp-json\/wp\/v2\/comments?post=351811"}],"version-history":[{"count":0,"href":"https:\/\/www.europesays.com\/fr\/wp-json\/wp\/v2\/posts\/351811\/revisions"}],"wp:featuredmedia":[{"embeddable":true,"href":"https:\/\/www.europesays.com\/fr\/wp-json\/wp\/v2\/media\/351812"}],"wp:attachment":[{"href":"https:\/\/www.europesays.com\/fr\/wp-json\/wp\/v2\/media?parent=351811"}],"wp:term":[{"taxonomy":"category","embeddable":true,"href":"https:\/\/www.europesays.com\/fr\/wp-json\/wp\/v2\/categories?post=351811"},{"taxonomy":"post_tag","embeddable":true,"href":"https:\/\/www.europesays.com\/fr\/wp-json\/wp\/v2\/tags?post=351811"}],"curies":[{"name":"wp","href":"https:\/\/api.w.org\/{rel}","templated":true}]}}