{"id":351814,"date":"2025-08-29T10:03:11","date_gmt":"2025-08-29T10:03:11","guid":{"rendered":"https:\/\/www.europesays.com\/fr\/351814\/"},"modified":"2025-08-29T10:03:11","modified_gmt":"2025-08-29T10:03:11","slug":"a52-fermeture-gemenos-n34-direction-toulon-et-direction-marseille-2","status":"publish","type":"post","link":"https:\/\/www.europesays.com\/fr\/351814\/","title":{"rendered":"A52 Fermeture G\u00e9menos N\u00b034 direction Toulon et direction Marseille"},"content":{"rendered":"<ol class=\"breadcrumb\" itemscope=\"\" itemtype=\"https:\/\/schema.org\/BreadcrumbList\">\n<li itemprop=\"itemListElement\" itemscope=\"\" itemtype=\"https:\/\/schema.org\/ListItem\">\n                    <a itemprop=\"item\" href=\"https:\/\/radio.vinci-autoroutes.com\/\" rel=\"nofollow noopener\" target=\"_blank\"><br \/>\n                        Accueil<br \/>\n                    <\/a><\/p>\n<\/li>\n<li itemprop=\"itemListElement\" itemscope=\"\" itemtype=\"https:\/\/schema.org\/ListItem\">\n                        <a itemprop=\"item\" href=\"https:\/\/radio.vinci-autoroutes.com\/rubrique\/infotrafic\" rel=\"nofollow noopener\" target=\"_blank\"><br \/>\n                            Actu trafic<br \/>\n                        <\/a><\/p>\n<\/li>\n<li itemprop=\"itemListElement\" itemscope=\"\" itemtype=\"https:\/\/schema.org\/ListItem\">\n                        <a itemprop=\"item\" href=\"https:\/\/radio.vinci-autoroutes.com\/rubrique\/travaux\" rel=\"nofollow noopener\" target=\"_blank\"><br \/>\n                            Travaux<br \/>\n                        <\/a><\/p>\n<\/li>\n<\/ol>\n<p class=\"article-chapeau\" itemprop=\"description\">Dans la r\u00e9gion d\u2019Aubagne, les nuits du lundi 01 au vendredi 05 septembre, \u00e0 partir de 21h00 et au plus tard jusqu\u2019\u00e0 05h du matin, l&rsquo;autoroute A52 est ferm\u00e9e \u00e0 G\u00e9menos n\u00b034 en direction de Toulon et de Marseille. <\/p>\n<p class=\"article-author\">Auteur : Rapha\u00ebl Val\u00e9<\/p>\n<p class=\"article-modification\">Derni\u00e8re modification : 29\/08\/2025 11:53<\/p>\n<p>                <img decoding=\"async\" src=\"https:\/\/www.europesays.com\/fr\/wp-content\/uploads\/2025\/06\/M-nuit-A52.jpg\" alt=\"A52 Fermeture G\u00e9menos N\u00b034 direction Toulon et direction Marseille\"\/><\/p>\n<p>                                                    0:23\n                                            <\/p>\n<p class=\"legende\">Vue de l&rsquo;autoroute A52 de nuit avec \u00e9clairage nocturne<\/p>\n<p>                            \u00a9 VINCI Autoroutes                        <\/p>\n<p>\n        Une fermeture pour effectuer des travaux sur un pont. <br \/>&#13;<br \/>\nVous devez obligatoirement sortir \u00e0 G\u00e9menos n\u00b034 pour reprendre soit l&rsquo;autoroute A501 aux Sollans, soit l&rsquo;autoroute A52 \u00e0 Aubagne.<br \/>&#13;\n    <\/p>\n<p>            Pour approfondir le sujet<\/p>\n<p>        Partager cet article<\/p>\n","protected":false},"excerpt":{"rendered":"Accueil Actu trafic Travaux Dans la r\u00e9gion d\u2019Aubagne, les nuits du lundi 01 au vendredi 05 septembre, \u00e0&hellip;\n","protected":false},"author":2,"featured_media":191504,"comment_status":"","ping_status":"","sticky":false,"template":"","format":"standard","meta":{"footnotes":""},"categories":[9619],"tags":[1111,11,8008,13635,1777,674,13407,1011,27,14125,9865,884,12,35025,882,16,25,2310,6949],"class_list":{"0":"post-351814","1":"post","2":"type-post","3":"status-publish","4":"format-standard","5":"has-post-thumbnail","7":"category-toulon","8":"tag-actu","9":"tag-actualites","10":"tag-aubagne","11":"tag-direction","12":"tag-eu","13":"tag-europe","14":"tag-fermeture","15":"tag-fr","16":"tag-france","17":"tag-gemenos","18":"tag-lundi","19":"tag-marseille","20":"tag-news","21":"tag-nuits","22":"tag-provence-alpes-cote-dazur","23":"tag-region","24":"tag-republique-francaise","25":"tag-toulon","26":"tag-vendredi"},"share_on_mastodon":{"url":"https:\/\/pubeurope.com\/@fr\/115111487355116670","error":""},"_links":{"self":[{"href":"https:\/\/www.europesays.com\/fr\/wp-json\/wp\/v2\/posts\/351814","targetHints":{"allow":["GET"]}}],"collection":[{"href":"https:\/\/www.europesays.com\/fr\/wp-json\/wp\/v2\/posts"}],"about":[{"href":"https:\/\/www.europesays.com\/fr\/wp-json\/wp\/v2\/types\/post"}],"author":[{"embeddable":true,"href":"https:\/\/www.europesays.com\/fr\/wp-json\/wp\/v2\/users\/2"}],"replies":[{"embeddable":true,"href":"https:\/\/www.europesays.com\/fr\/wp-json\/wp\/v2\/comments?post=351814"}],"version-history":[{"count":0,"href":"https:\/\/www.europesays.com\/fr\/wp-json\/wp\/v2\/posts\/351814\/revisions"}],"wp:featuredmedia":[{"embeddable":true,"href":"https:\/\/www.europesays.com\/fr\/wp-json\/wp\/v2\/media\/191504"}],"wp:attachment":[{"href":"https:\/\/www.europesays.com\/fr\/wp-json\/wp\/v2\/media?parent=351814"}],"wp:term":[{"taxonomy":"category","embeddable":true,"href":"https:\/\/www.europesays.com\/fr\/wp-json\/wp\/v2\/categories?post=351814"},{"taxonomy":"post_tag","embeddable":true,"href":"https:\/\/www.europesays.com\/fr\/wp-json\/wp\/v2\/tags?post=351814"}],"curies":[{"name":"wp","href":"https:\/\/api.w.org\/{rel}","templated":true}]}}