{"id":351819,"date":"2025-08-29T10:06:15","date_gmt":"2025-08-29T10:06:15","guid":{"rendered":"https:\/\/www.europesays.com\/fr\/351819\/"},"modified":"2025-08-29T10:06:15","modified_gmt":"2025-08-29T10:06:15","slug":"la-police-retrouve-le-pilote-dans-un-lieu-improbable","status":"publish","type":"post","link":"https:\/\/www.europesays.com\/fr\/351819\/","title":{"rendered":"la police retrouve le pilote dans un lieu improbable"},"content":{"rendered":"<p>            Par<br \/>\n        <strong><br \/>\n            <a href=\"https:\/\/actu.fr\/auteur\/adrien-filoche\" title=\"Consulter tous les articles de Adrien Filoche\" target=\"_blank\" rel=\"noopener\">Adrien Filoche<\/a><br \/>\n        <\/strong><\/p>\n<p>        Publi\u00e9 le<\/p>\n<p>            29 ao\u00fbt 2025 \u00e0 11h40        <\/p>\n<p>Deux individus ont \u00e9t\u00e9 interpell\u00e9s dans la nuit du vendredi 29\u00a0ao\u00fbt 2025 \u00e0 <a href=\"https:\/\/actu.fr\/normandie\/le-petit-quevilly_76498\" target=\"_blank\" rel=\"noopener\">Petit-Quevilly (Seine-Maritime).<\/a> L\u2019un d\u2019eux est soup\u00e7onn\u00e9 d\u2019avoir fait voler un drone au-dessus de la <a href=\"https:\/\/actu.fr\/normandie\/rouen_76540\/bonne-nouvelle-pour-la-prison-de-rouen-gerald-darmanin-annonce-30-millions-d-euros-de-travaux_62624443.html\" target=\"_blank\" rel=\"noopener\">maison d\u2019arr\u00eat de Rouen.<\/a><\/p>\n<p>Un drone dans le ciel<\/p>\n<p class=\" wall-content\">Il \u00e9tait 2h50 le vendredi 29\u00a0ao\u00fbt lorsque des policiers re\u00e7oivent un appel pour un drone qui survole la maison d\u2019arr\u00eat de Rouen. Des agents se rendent sur place et remarque l<strong>\u2019engin dans le ciel.<\/strong><\/p>\n<p class=\" wall-content\">Les policiers suivent le drone jusqu\u2019au Petit-Quevilly. Le v\u00e9hicule a\u00e9rien se pose \u00e0 proximit\u00e9 d\u2019un camion. Un homme de 21\u00a0ans est d\u00e9couvert au niveau de la remorque du poids lourd. Il explique aux policiers qu\u2019il a consomm\u00e9 des stup\u00e9fiants, mais il n\u2019est pas retrouv\u00e9 en possession de la t\u00e9l\u00e9commande qui pilote le drone.<\/p>\n<p>Le pilote du drone retrouv\u00e9<\/p>\n<p class=\" wall-content\">Les policiers poursuivent leurs recherches dans le secteur. Vers 3h30, les agents aper\u00e7oivent un v\u00e9hicule suspect \u00e0 proximit\u00e9 avec de la bu\u00e9e au niveau de l\u2019arri\u00e8re de l\u2019habitacle. Ils surveillent le v\u00e9hicule pendant plusieurs minutes.<\/p>\n<p class=\" wall-content\">En s\u2019approchant, ils aper\u00e7oivent quelque chose en train de bouger dans le coffre. Les policiers parviennent \u00e0 forcer le coffre et d\u00e9couvrent <strong>un homme recroquevill\u00e9, avec la cl\u00e9 du v\u00e9hicule dans la main.<\/strong><\/p>\n<p class=\" wall-content\">En sa possession, deux t\u00e9l\u00e9phones\u2026 et la fameuse t\u00e9l\u00e9commande du drone. Interpell\u00e9, le mis en cause \u00e2g\u00e9 d\u2019une vingtaine d\u2019ann\u00e9es est plac\u00e9 en garde \u00e0 vue.<\/p>\n<p>Suivez l\u2019actualit\u00e9 de Rouen sur <a href=\"https:\/\/www.whatsapp.com\/channel\/0029VaKfnf99hXF2ddApFB1D\" target=\"_blank\" rel=\"noopener\">notre cha\u00eene WhatsApp<\/a> et sur <a href=\"https:\/\/www.tiktok.com\/@76actu.fr?lang=fr\" target=\"_blank\" rel=\"noopener\">notre compte TikTok<\/a><\/p>\n<p class=\" wall-content\">Personnalisez votre actualit\u00e9 en ajoutant vos villes et m\u00e9dias en favori avec <a href=\"https:\/\/moncompte.actu.fr\" title=\"D\u00e9couvez Mon Actu\" rel=\"nofollow noopener\" data-trk=\"{&quot;cta&quot;:{&quot;action&quot;:&quot;https:\\\/\\\/moncompte.actu.fr&quot;,&quot;category&quot;:&quot;mon compte&quot;,&quot;from&quot;:&quot;article footer&quot;,&quot;name&quot;:&quot;Mon actu&quot;,&quot;type&quot;:&quot;cta&quot;}}\" target=\"_blank\">Mon Actu<\/a>.<\/p>\n<p>                    <script async src=\"\/\/www.tiktok.com\/embed.js\"><\/script><\/p>\n","protected":false},"excerpt":{"rendered":"Par Adrien Filoche Publi\u00e9 le 29 ao\u00fbt 2025 \u00e0 11h40 Deux individus ont \u00e9t\u00e9 interpell\u00e9s dans la nuit&hellip;\n","protected":false},"author":2,"featured_media":351820,"comment_status":"","ping_status":"","sticky":false,"template":"","format":"standard","meta":{"footnotes":""},"categories":[9587],"tags":[1111,11,1777,674,118,1011,27,12,5161,1072,899,25,9590],"class_list":{"0":"post-351819","1":"post","2":"type-post","3":"status-publish","4":"format-standard","5":"has-post-thumbnail","7":"category-rouen","8":"tag-actu","9":"tag-actualites","10":"tag-eu","11":"tag-europe","12":"tag-faits-divers","13":"tag-fr","14":"tag-france","15":"tag-news","16":"tag-normandie","17":"tag-police","18":"tag-prisons","19":"tag-republique-francaise","20":"tag-rouen"},"share_on_mastodon":{"url":"https:\/\/pubeurope.com\/@fr\/115111499326665446","error":""},"_links":{"self":[{"href":"https:\/\/www.europesays.com\/fr\/wp-json\/wp\/v2\/posts\/351819","targetHints":{"allow":["GET"]}}],"collection":[{"href":"https:\/\/www.europesays.com\/fr\/wp-json\/wp\/v2\/posts"}],"about":[{"href":"https:\/\/www.europesays.com\/fr\/wp-json\/wp\/v2\/types\/post"}],"author":[{"embeddable":true,"href":"https:\/\/www.europesays.com\/fr\/wp-json\/wp\/v2\/users\/2"}],"replies":[{"embeddable":true,"href":"https:\/\/www.europesays.com\/fr\/wp-json\/wp\/v2\/comments?post=351819"}],"version-history":[{"count":0,"href":"https:\/\/www.europesays.com\/fr\/wp-json\/wp\/v2\/posts\/351819\/revisions"}],"wp:featuredmedia":[{"embeddable":true,"href":"https:\/\/www.europesays.com\/fr\/wp-json\/wp\/v2\/media\/351820"}],"wp:attachment":[{"href":"https:\/\/www.europesays.com\/fr\/wp-json\/wp\/v2\/media?parent=351819"}],"wp:term":[{"taxonomy":"category","embeddable":true,"href":"https:\/\/www.europesays.com\/fr\/wp-json\/wp\/v2\/categories?post=351819"},{"taxonomy":"post_tag","embeddable":true,"href":"https:\/\/www.europesays.com\/fr\/wp-json\/wp\/v2\/tags?post=351819"}],"curies":[{"name":"wp","href":"https:\/\/api.w.org\/{rel}","templated":true}]}}