{"id":351821,"date":"2025-08-29T10:07:12","date_gmt":"2025-08-29T10:07:12","guid":{"rendered":"https:\/\/www.europesays.com\/fr\/351821\/"},"modified":"2025-08-29T10:07:12","modified_gmt":"2025-08-29T10:07:12","slug":"un-drone-survole-la-prison-de-rouen-le-pilote-retrouve-cache-dans-le-coffre-dune-voiture","status":"publish","type":"post","link":"https:\/\/www.europesays.com\/fr\/351821\/","title":{"rendered":"Un drone survole la prison de Rouen, le pilote retrouv\u00e9 cach\u00e9 dans le coffre d&rsquo;une voiture"},"content":{"rendered":"<p class=\"article__intro\">Un drone a survol\u00e9 la maison d&rsquo;arr\u00eat de Rouen dans la nuit de jeudi \u00e0 vendredi 29 ao\u00fbt 2025. L&rsquo;enqu\u00eate des policiers de Rouen a men\u00e9 vers deux hommes, l&rsquo;un cach\u00e9 pr\u00e8s d&rsquo;une remorque de camion, l&rsquo;autre dissimul\u00e9 dans le coffre d&rsquo;une voiture vol\u00e9e.<\/p>\n<p>\n      L\u2019actu des r\u00e9gions\n    <\/p>\n<p>\n      Chaque jour, un tour d\u2019horizon des principales infos de toutes les r\u00e9gions.\n    <\/p>\n<p>    France T\u00e9l\u00e9visions utilise votre adresse e-mail afin de vous envoyer la newsletter \u00ab\u00a0L\u2019actu des r\u00e9gions\u00a0\u00bb. Vous pouvez vous d\u00e9sinscrire \u00e0 tout moment via le lien en bas de cette newsletter. <a target=\"_blank\" href=\"https:\/\/www.francetelevisions.fr\/groupe\/confidentialite\/politique-de-confidentialite\/politique-de-confidentialite-de-france-televisions-6503\" rel=\"nofollow noopener\">Notre politique de confidentialit\u00e9<\/a><\/p>\n<p>Les policiers de Rouen ont \u00e9t\u00e9 alert\u00e9s dans la nuit de jeudi \u00e0 vendredi 29 ao\u00fbt 2025. Un drone venait de survoler la maison d&rsquo;arr\u00eat de Rouen. Il \u00e9tait 2h50 du matin.<\/p>\n<p>Leur enqu\u00eate les a men\u00e9s vers Petit-Quevilly, commune voisine de Rouen. Dans l&rsquo;obscurit\u00e9, ils ont rep\u00e9r\u00e9 une silhouette qui se dissimulait pr\u00e8s d&rsquo;une remorque de poids lourd. L&rsquo;homme a expliqu\u00e9 qu&rsquo;il \u00e9tait en train de consommer des stup\u00e9fiants.<\/p>\n<p>Un drone s&rsquo;est alors pos\u00e9 pr\u00e8s de lui. La police l&rsquo;a r\u00e9cup\u00e9r\u00e9. L&rsquo;individu a \u00e9t\u00e9 interpell\u00e9.<\/p>\n<p>La police est partie \u00e0 la recherche du pilote de drone. Elle a trouv\u00e9 \u00e0 proximit\u00e9 une voiture en stationnement. Elle s&rsquo;av\u00e9rait vol\u00e9e.<\/p>\n<p>C&rsquo;est la bu\u00e9e sur la vitre de cette voiture apparemment vide qui a donn\u00e9 \u00ab\u00a0la puce \u00e0 l&rsquo;oreille\u00a0\u00bb. Les policiers ont \u00e9clair\u00e9 les vitres. Dans le coffre, ils ont distingu\u00e9 un corps.<\/p>\n<p>En ouvrant le v\u00e9hicule, ils ont d\u00e9couvert un homme recroquevill\u00e9. Pr\u00e8s de lui, deux t\u00e9l\u00e9phones portables et une t\u00e9l\u00e9commande de drone.\u00a0<\/p>\n<p>Cet homme d&rsquo;une vingtaine d&rsquo;ann\u00e9es a \u00e9t\u00e9 interpell\u00e9 et plac\u00e9 en garde-\u00e0-vue.\u00a0<\/p>\n","protected":false},"excerpt":{"rendered":"Un drone a survol\u00e9 la maison d&rsquo;arr\u00eat de Rouen dans la nuit de jeudi \u00e0 vendredi 29 ao\u00fbt&hellip;\n","protected":false},"author":2,"featured_media":351822,"comment_status":"","ping_status":"","sticky":false,"template":"","format":"standard","meta":{"footnotes":""},"categories":[9587],"tags":[1111,11,1777,674,1011,27,12,5161,25,9590],"class_list":{"0":"post-351821","1":"post","2":"type-post","3":"status-publish","4":"format-standard","5":"has-post-thumbnail","7":"category-rouen","8":"tag-actu","9":"tag-actualites","10":"tag-eu","11":"tag-europe","12":"tag-fr","13":"tag-france","14":"tag-news","15":"tag-normandie","16":"tag-republique-francaise","17":"tag-rouen"},"share_on_mastodon":{"url":"https:\/\/pubeurope.com\/@fr\/115111503182576485","error":""},"_links":{"self":[{"href":"https:\/\/www.europesays.com\/fr\/wp-json\/wp\/v2\/posts\/351821","targetHints":{"allow":["GET"]}}],"collection":[{"href":"https:\/\/www.europesays.com\/fr\/wp-json\/wp\/v2\/posts"}],"about":[{"href":"https:\/\/www.europesays.com\/fr\/wp-json\/wp\/v2\/types\/post"}],"author":[{"embeddable":true,"href":"https:\/\/www.europesays.com\/fr\/wp-json\/wp\/v2\/users\/2"}],"replies":[{"embeddable":true,"href":"https:\/\/www.europesays.com\/fr\/wp-json\/wp\/v2\/comments?post=351821"}],"version-history":[{"count":0,"href":"https:\/\/www.europesays.com\/fr\/wp-json\/wp\/v2\/posts\/351821\/revisions"}],"wp:featuredmedia":[{"embeddable":true,"href":"https:\/\/www.europesays.com\/fr\/wp-json\/wp\/v2\/media\/351822"}],"wp:attachment":[{"href":"https:\/\/www.europesays.com\/fr\/wp-json\/wp\/v2\/media?parent=351821"}],"wp:term":[{"taxonomy":"category","embeddable":true,"href":"https:\/\/www.europesays.com\/fr\/wp-json\/wp\/v2\/categories?post=351821"},{"taxonomy":"post_tag","embeddable":true,"href":"https:\/\/www.europesays.com\/fr\/wp-json\/wp\/v2\/tags?post=351821"}],"curies":[{"name":"wp","href":"https:\/\/api.w.org\/{rel}","templated":true}]}}