{"id":351823,"date":"2025-08-29T10:08:13","date_gmt":"2025-08-29T10:08:13","guid":{"rendered":"https:\/\/www.europesays.com\/fr\/351823\/"},"modified":"2025-08-29T10:08:13","modified_gmt":"2025-08-29T10:08:13","slug":"grenoble-un-depart-de-feu-dans-un-hotel-a-cause-dun-seche-linge","status":"publish","type":"post","link":"https:\/\/www.europesays.com\/fr\/351823\/","title":{"rendered":"Grenoble. Un d\u00e9part de feu dans un h\u00f4tel \u00e0 cause d\u2019un s\u00e8che-linge"},"content":{"rendered":"<p>Un incendie s\u2019est d\u00e9clar\u00e9 ce vendredi 29\u00a0ao\u00fbt, vers 10\u00a0h\u00a020, dans un local technique de l\u2019h\u00f4tel Ibis styles, situ\u00e9 en centre-ville de Grenoble, au croisement de l\u2019avenue Felix-Viallet et du cours Jean-Jaur\u00e8s.<\/p>\n<p>Ce contenu est bloqu\u00e9 car vous n&rsquo;avez pas accept\u00e9 les cookies et autres traceurs.<\/p>\n<p>En cliquant sur \u00ab J\u2019accepte \u00bb, les cookies et autres traceurs seront d\u00e9pos\u00e9s et vous pourrez visualiser les contenus  (<a href=\"\" class=\"consentModule_policy\" target=\"_blank\" title=\"Consulter la politique de protection des donn\u00e9es du fournisseur\">plus d&rsquo;informations<\/a>).<\/p>\n<p>En cliquant sur \u00ab J\u2019accepte tous les cookies \u00bb, vous autorisez des d\u00e9p\u00f4ts de cookies et autres traceurs pour le stockage de vos donn\u00e9es sur nos sites et applications \u00e0 des fins de personnalisation et de ciblage publicitaire.<\/p>\n<p class=\"consentModule_secondaryText\">Vous gardez la possibilit\u00e9 de retirer votre consentement \u00e0 tout moment en consultant notre <a href=\"https:\/\/www.ledauphine.com\/protection-des-donnees\" target=\"_blank\" title=\"Consulter notre politique de protection des donn\u00e9es\" rel=\"nofollow noopener\">politique de protection des donn\u00e9es<\/a>. <br \/>&#13;<br \/>\n            <a href=\"https:\/\/www.ledauphine.com\/faits-divers-justice\/2025\/08\/29\/javascript:Didomi.notice.show()\" class=\"consentModule_cmp\" rel=\"nofollow noopener\" target=\"_blank\">G\u00e9rer mes choix<\/a>&#13;\n        <\/p>\n<p>&#13;<br \/>\n                        J&rsquo;accepte&#13;<br \/>\n            J&rsquo;accepte tous les cookies&#13;\n        <\/p>\n<p>L\u2019alarme incendie s\u2019\u00e9tant d\u00e9clench\u00e9e, l\u2019h\u00f4tel a \u00e9t\u00e9 \u00e9vacu\u00e9 dans la foul\u00e9e. Un groupe incendie des sapeurs-pompiers de l\u2019Is\u00e8re, soit une vingtaine de soldats du feu, s\u2019est rendu sur les lieux.<\/p>\n<p>Le feu qui a d\u00e9marr\u00e9 au niveau d\u2019un s\u00e8che-linge dans un local \u00e0 part a rapidement \u00e9t\u00e9 \u00e9teint et le personnel et les occupants de l\u2019h\u00f4tel ont pu le regagner sans difficult\u00e9, apr\u00e8s la ventilation des lieux.<\/p>\n","protected":false},"excerpt":{"rendered":"Un incendie s\u2019est d\u00e9clar\u00e9 ce vendredi 29\u00a0ao\u00fbt, vers 10\u00a0h\u00a020, dans un local technique de l\u2019h\u00f4tel Ibis styles, situ\u00e9&hellip;\n","protected":false},"author":2,"featured_media":351824,"comment_status":"","ping_status":"","sticky":false,"template":"","format":"standard","meta":{"footnotes":""},"categories":[9566],"tags":[1111,11,2430,112,1777,674,274,107,1011,27,2731,2732,1310,108,12,25],"class_list":{"0":"post-351823","1":"post","2":"type-post","3":"status-publish","4":"format-standard","5":"has-post-thumbnail","7":"category-grenoble","8":"tag-actu","9":"tag-actualites","10":"tag-auvergne-rhone-alpes","11":"tag-edition-grenoble-agglomeration","12":"tag-eu","13":"tag-europe","14":"tag-faits-divers-justice","15":"tag-fil-info","16":"tag-fr","17":"tag-france","18":"tag-grenoble","19":"tag-grenoble-bassin","20":"tag-incendie","21":"tag-isere","22":"tag-news","23":"tag-republique-francaise"},"share_on_mastodon":{"url":"https:\/\/pubeurope.com\/@fr\/115111507072595571","error":""},"_links":{"self":[{"href":"https:\/\/www.europesays.com\/fr\/wp-json\/wp\/v2\/posts\/351823","targetHints":{"allow":["GET"]}}],"collection":[{"href":"https:\/\/www.europesays.com\/fr\/wp-json\/wp\/v2\/posts"}],"about":[{"href":"https:\/\/www.europesays.com\/fr\/wp-json\/wp\/v2\/types\/post"}],"author":[{"embeddable":true,"href":"https:\/\/www.europesays.com\/fr\/wp-json\/wp\/v2\/users\/2"}],"replies":[{"embeddable":true,"href":"https:\/\/www.europesays.com\/fr\/wp-json\/wp\/v2\/comments?post=351823"}],"version-history":[{"count":0,"href":"https:\/\/www.europesays.com\/fr\/wp-json\/wp\/v2\/posts\/351823\/revisions"}],"wp:featuredmedia":[{"embeddable":true,"href":"https:\/\/www.europesays.com\/fr\/wp-json\/wp\/v2\/media\/351824"}],"wp:attachment":[{"href":"https:\/\/www.europesays.com\/fr\/wp-json\/wp\/v2\/media?parent=351823"}],"wp:term":[{"taxonomy":"category","embeddable":true,"href":"https:\/\/www.europesays.com\/fr\/wp-json\/wp\/v2\/categories?post=351823"},{"taxonomy":"post_tag","embeddable":true,"href":"https:\/\/www.europesays.com\/fr\/wp-json\/wp\/v2\/tags?post=351823"}],"curies":[{"name":"wp","href":"https:\/\/api.w.org\/{rel}","templated":true}]}}