{"id":351825,"date":"2025-08-29T10:09:14","date_gmt":"2025-08-29T10:09:14","guid":{"rendered":"https:\/\/www.europesays.com\/fr\/351825\/"},"modified":"2025-08-29T10:09:14","modified_gmt":"2025-08-29T10:09:14","slug":"grenoble-un-quinquagenaire-arrete-apres-un-refus-dobtemperer-et-une-course-poursuite","status":"publish","type":"post","link":"https:\/\/www.europesays.com\/fr\/351825\/","title":{"rendered":"Grenoble. Un quinquag\u00e9naire arr\u00eat\u00e9 apr\u00e8s un refus d\u2019obtemp\u00e9rer et une course-poursuite"},"content":{"rendered":"<p>Un automobiliste de 55 ans qui venait de refuser d\u2019obtemp\u00e9rer \u00e0 un contr\u00f4le routier a \u00e9t\u00e9 interpell\u00e9 par la police au terme d\u2019une course-poursuite, jeudi apr\u00e8s-midi \u00e0 Grenoble.<\/p>\n<p>Au volant de son v\u00e9hicule, l\u2019homme a tent\u00e9 d\u2019\u00e9chapper\u00a0\u00e0 un \u00e9quipage de la Brigade sp\u00e9cialis\u00e9e de terrain (BST) peu apr\u00e8s 16 heures et a parcouru plus d\u2019un kilom\u00e8tre \u00e0 grande vitesse, au risque de percuter les usagers, avant d\u2019immobiliser son v\u00e9hicule, rue G\u00e9n\u00e9ral-Mangin, et de prendre la fuite \u00e0 pied.<\/p>\n<p>Ce contenu est bloqu\u00e9 car vous n&rsquo;avez pas accept\u00e9 les cookies et autres traceurs.<\/p>\n<p>En cliquant sur \u00ab J\u2019accepte \u00bb, les cookies et autres traceurs seront d\u00e9pos\u00e9s et vous pourrez visualiser les contenus  (<a href=\"\" class=\"consentModule_policy\" target=\"_blank\" title=\"Consulter la politique de protection des donn\u00e9es du fournisseur\">plus d&rsquo;informations<\/a>).<\/p>\n<p>En cliquant sur \u00ab J\u2019accepte tous les cookies \u00bb, vous autorisez des d\u00e9p\u00f4ts de cookies et autres traceurs pour le stockage de vos donn\u00e9es sur nos sites et applications \u00e0 des fins de personnalisation et de ciblage publicitaire.<\/p>\n<p class=\"consentModule_secondaryText\">Vous gardez la possibilit\u00e9 de retirer votre consentement \u00e0 tout moment en consultant notre <a href=\"https:\/\/www.ledauphine.com\/protection-des-donnees\" target=\"_blank\" title=\"Consulter notre politique de protection des donn\u00e9es\" rel=\"noopener\">politique de protection des donn\u00e9es<\/a>. <br \/>&#13;<br \/>\n            <a href=\"https:\/\/www.ledauphine.com\/faits-divers-justice\/2025\/08\/29\/javascript:Didomi.notice.show()\" class=\"consentModule_cmp\" target=\"_blank\" rel=\"noopener\">G\u00e9rer mes choix<\/a>&#13;\n        <\/p>\n<p>&#13;<br \/>\n                        J&rsquo;accepte&#13;<br \/>\n            J&rsquo;accepte tous les cookies&#13;\n        <\/p>\n<p>Il a \u00e9t\u00e9 rattrap\u00e9 peu apr\u00e8s, la fouille de son v\u00e9hicule permettant aux gardiens de la paix de d\u00e9couvrir des barrettes de haschich.<\/p>\n<p>Le suspect a \u00e9t\u00e9 plac\u00e9 en garde \u00e0 vue pour refus d\u2019obtemp\u00e9rer, mise en danger d\u2019autrui et transport de produits stup\u00e9fiants\u00a0; une enqu\u00eate a \u00e9t\u00e9 ouverte.<\/p>\n","protected":false},"excerpt":{"rendered":"Un automobiliste de 55 ans qui venait de refuser d\u2019obtemp\u00e9rer \u00e0 un contr\u00f4le routier a \u00e9t\u00e9 interpell\u00e9 par&hellip;\n","protected":false},"author":2,"featured_media":351826,"comment_status":"","ping_status":"","sticky":false,"template":"","format":"standard","meta":{"footnotes":""},"categories":[9566],"tags":[1111,11,2430,271,272,112,1777,674,274,107,1011,27,2731,2732,108,12,25],"class_list":{"0":"post-351825","1":"post","2":"type-post","3":"status-publish","4":"format-standard","5":"has-post-thumbnail","7":"category-grenoble","8":"tag-actu","9":"tag-actualites","10":"tag-auvergne-rhone-alpes","11":"tag-crime","12":"tag-delit-et-contravention","13":"tag-edition-grenoble-agglomeration","14":"tag-eu","15":"tag-europe","16":"tag-faits-divers-justice","17":"tag-fil-info","18":"tag-fr","19":"tag-france","20":"tag-grenoble","21":"tag-grenoble-bassin","22":"tag-isere","23":"tag-news","24":"tag-republique-francaise"},"share_on_mastodon":{"url":"https:\/\/pubeurope.com\/@fr\/115111510983135869","error":""},"_links":{"self":[{"href":"https:\/\/www.europesays.com\/fr\/wp-json\/wp\/v2\/posts\/351825","targetHints":{"allow":["GET"]}}],"collection":[{"href":"https:\/\/www.europesays.com\/fr\/wp-json\/wp\/v2\/posts"}],"about":[{"href":"https:\/\/www.europesays.com\/fr\/wp-json\/wp\/v2\/types\/post"}],"author":[{"embeddable":true,"href":"https:\/\/www.europesays.com\/fr\/wp-json\/wp\/v2\/users\/2"}],"replies":[{"embeddable":true,"href":"https:\/\/www.europesays.com\/fr\/wp-json\/wp\/v2\/comments?post=351825"}],"version-history":[{"count":0,"href":"https:\/\/www.europesays.com\/fr\/wp-json\/wp\/v2\/posts\/351825\/revisions"}],"wp:featuredmedia":[{"embeddable":true,"href":"https:\/\/www.europesays.com\/fr\/wp-json\/wp\/v2\/media\/351826"}],"wp:attachment":[{"href":"https:\/\/www.europesays.com\/fr\/wp-json\/wp\/v2\/media?parent=351825"}],"wp:term":[{"taxonomy":"category","embeddable":true,"href":"https:\/\/www.europesays.com\/fr\/wp-json\/wp\/v2\/categories?post=351825"},{"taxonomy":"post_tag","embeddable":true,"href":"https:\/\/www.europesays.com\/fr\/wp-json\/wp\/v2\/tags?post=351825"}],"curies":[{"name":"wp","href":"https:\/\/api.w.org\/{rel}","templated":true}]}}