{"id":351829,"date":"2025-08-29T10:11:09","date_gmt":"2025-08-29T10:11:09","guid":{"rendered":"https:\/\/www.europesays.com\/fr\/351829\/"},"modified":"2025-08-29T10:11:09","modified_gmt":"2025-08-29T10:11:09","slug":"cette-boutique-de-vetements-et-epicerie-fine-sagrandit","status":"publish","type":"post","link":"https:\/\/www.europesays.com\/fr\/351829\/","title":{"rendered":"cette boutique de v\u00eatements et \u00e9picerie fine s&rsquo;agrandit"},"content":{"rendered":"<p>            Par<br \/>\n        <strong><br \/>\n            <a href=\"https:\/\/actu.fr\/auteur\/redaction-jv\" title=\"Consulter tous les articles de R\u00e9daction Vitr\u00e9\" rel=\"nofollow noopener\" target=\"_blank\">R\u00e9daction Vitr\u00e9<\/a><br \/>\n        <\/strong><\/p>\n<p>        Publi\u00e9 le<\/p>\n<p>            29 ao\u00fbt 2025 \u00e0 11h46        <\/p>\n<p>C\u2019est fin 2019, apr\u00e8s quatre ans d\u2019exp\u00e9rience dans le pr\u00eat-\u00e0-porter, \u00e0 Rennes, que <b>Nad\u00e8ge Le Page-Nicolas<\/b> cr\u00e9a <b>sa propre boutique<\/b> dans sa long\u00e8re situ\u00e9e \u00e0 la Hamonais, sur la route reliant Servon-sur-Vilaine \u00e0 Ch\u00e2teaubourg (Ille-et-Vilaine), sur une surface de vente de <b>42 m\u00b2<\/b> : <b>Rien que pour vous<\/b> \u00e9tait n\u00e9.<\/p>\n<p class=\" wall-content\">Un espace de vente compl\u00e9t\u00e9 par <b>les march\u00e9s hebdomadaires \u00e0 Noyal-sur-Vilaine, La Bou\u00ebxi\u00e8re, Ch\u00e2teaubourg.<\/b><\/p>\n<p class=\" wall-content\">Aujourd\u2019hui, dans une ancienne porcherie, attenant \u00e0 la long\u00e8re, dans un superbe d\u00e9cor tout en bois, avec spots d\u2019\u00e9clairage savamment dispos\u00e9s, Nad\u00e8ge Le Page-Nicolas va accueillir ses clients dans \u00ab\u2009<b>une boutique cocooning,<\/b> ergonomique, spacieuse et avec un acc\u00e8s pour les personnes \u00e0 mobilit\u00e9 r\u00e9duite, <b>sur 110 m\u00b2<\/b>, un endroit o\u00f9 on trouve ce qu\u2019on ne trouve pas ailleurs\u2009\u00bb.<\/p>\n<p>Une boutique en pleine campagne<\/p>\n<p class=\" wall-content\">Elle propose avant tout du pr\u00eat-\u00e0-porter f\u00e9minin, mais aussi une gamme messieurs, lanc\u00e9e l\u2019an pass\u00e9, tout en souhaitant \u00ab\u2009accompagner un peu plus de seniors ponctuellement, mais sans se sp\u00e9cialiser\u2009\u00bb.<\/p>\n<p class=\" wall-content\"><b>L\u2019\u00e9picerie fine a<\/b> aussi pris place dans cette boutique \u00ab\u2009avec d<b>es produits locaux, <\/b>artisanaux, bios et originaux\u2009\u00bb.<\/p>\n<p>Vid\u00e9os : en ce moment sur Actu<\/p>\n<p class=\" wall-content\">La terrine et le saucisson de bison du Poitou c\u00f4toient la confiture artisanale de Dame cerise ou le savon d\u2019\u00e2nesse de La Bou\u00ebxi\u00e8re, les accessoires de mode, sacs, boites \u00e0 th\u00e9, bijoux\u2026<\/p>\n<p class=\" wall-content\">\u00ab\u2009Un lieu atypique o\u00f9 r\u00e8gnent <b>convivialit\u00e9 et libert\u00e9<\/b>\u2009\u00bb, pr\u00e9cise Nad\u00e8ge, peaufinant le d\u00e9cor de ce nouveau local construit avec un maximum de r\u00e9cup\u00e9ration (\u00e9tag\u00e8res, mannequins, cuisine, miroir, armoires\u2026).<\/p>\n<p>Votre r\u00e9gion, votre actu !<\/p>\n<p>Recevez chaque jour les infos qui comptent pour vous.<\/p>\n<p>\t<a href=\"https:\/\/actu.fr\/newsletter\" class=\"ac-btn ac-btn--corner ac-btn--medium ac-btn--blue800\" rel=\"nofollow noopener\" target=\"_blank\">S&rsquo;incrire<\/a><br \/>\n\u00abAccompagner avant tout\u2009\u00bb<\/p>\n<p class=\" wall-content\">Des gens seuls ou en groupe peuvent prendre rendez-vous pour une visite de cette nouvelle boutique, avec deux cabines d\u2019essayage, des collections renouvel\u00e9es tous les deux ou trois mois, et <b>un acc\u00e8s pour les personnes en situation de handicap.<\/b><\/p>\n<p class=\" wall-content\">Toujours dans \u00ab\u2009cet esprit d\u2019accompagner avant tout, de passer un bon moment\u2009\u00bb, Nad\u00e8ge et son mari St\u00e9phane disposent de deux places pour les campings caristes du r\u00e9seau \u00ab\u2009France passion\u2009\u00bb, regroupant producteurs et commer\u00e7ants qui mettent \u00e0 disposition des aires de repos et font conna\u00eetre leurs produits \u00e0 leurs h\u00f4tes.<\/p>\n<p>Pratique : Rien que pour vous ! 55, La Hamonais. 35530, Servon-sur-Vilaine. rienquepourvous35.fr. <a href=\"https:\/\/actu.fr\/cdn-cgi\/l\/email-protection\" class=\"__cf_email__\" data-cfemail=\"b3dfd6c3d2d4d6ecddd2d7d6d4d6f3d2dcdf9dd5c1\" rel=\"nofollow noopener\" target=\"_blank\">[email\u00a0protected]<\/a>, 06 17 11 28 99. Horaires d\u2019ouverture <b>:<\/b> march\u00e9s locaux le matin. Sur rendez-vous du mardi au samedi. Le premier et troisi\u00e8me samedi du mois, ouverture en libre acc\u00e8s de 10 h \u00e0 18 h.<\/p>\n<p class=\" wall-content\">Personnalisez votre actualit\u00e9 en ajoutant vos villes et m\u00e9dias en favori avec <a href=\"https:\/\/moncompte.actu.fr\" title=\"D\u00e9couvez Mon Actu\" rel=\"nofollow noopener\" data-trk=\"{&quot;cta&quot;:{&quot;action&quot;:&quot;https:\\\/\\\/moncompte.actu.fr&quot;,&quot;category&quot;:&quot;mon compte&quot;,&quot;from&quot;:&quot;article footer&quot;,&quot;name&quot;:&quot;Mon actu&quot;,&quot;type&quot;:&quot;cta&quot;}}\" target=\"_blank\">Mon Actu<\/a>.<\/p>\n","protected":false},"excerpt":{"rendered":"Par R\u00e9daction Vitr\u00e9 Publi\u00e9 le 29 ao\u00fbt 2025 \u00e0 11h46 C\u2019est fin 2019, apr\u00e8s quatre ans d\u2019exp\u00e9rience dans&hellip;\n","protected":false},"author":2,"featured_media":351830,"comment_status":"","ping_status":"","sticky":false,"template":"","format":"standard","meta":{"footnotes":""},"categories":[2821],"tags":[1111,11,829,215,1777,674,1011,27,12,584,25,104],"class_list":{"0":"post-351829","1":"post","2":"type-post","3":"status-publish","4":"format-standard","5":"has-post-thumbnail","7":"category-rennes","8":"tag-actu","9":"tag-actualites","10":"tag-bretagne","11":"tag-commerce","12":"tag-eu","13":"tag-europe","14":"tag-fr","15":"tag-france","16":"tag-news","17":"tag-rennes","18":"tag-republique-francaise","19":"tag-societe"},"share_on_mastodon":{"url":"https:\/\/pubeurope.com\/@fr\/115111518866037039","error":""},"_links":{"self":[{"href":"https:\/\/www.europesays.com\/fr\/wp-json\/wp\/v2\/posts\/351829","targetHints":{"allow":["GET"]}}],"collection":[{"href":"https:\/\/www.europesays.com\/fr\/wp-json\/wp\/v2\/posts"}],"about":[{"href":"https:\/\/www.europesays.com\/fr\/wp-json\/wp\/v2\/types\/post"}],"author":[{"embeddable":true,"href":"https:\/\/www.europesays.com\/fr\/wp-json\/wp\/v2\/users\/2"}],"replies":[{"embeddable":true,"href":"https:\/\/www.europesays.com\/fr\/wp-json\/wp\/v2\/comments?post=351829"}],"version-history":[{"count":0,"href":"https:\/\/www.europesays.com\/fr\/wp-json\/wp\/v2\/posts\/351829\/revisions"}],"wp:featuredmedia":[{"embeddable":true,"href":"https:\/\/www.europesays.com\/fr\/wp-json\/wp\/v2\/media\/351830"}],"wp:attachment":[{"href":"https:\/\/www.europesays.com\/fr\/wp-json\/wp\/v2\/media?parent=351829"}],"wp:term":[{"taxonomy":"category","embeddable":true,"href":"https:\/\/www.europesays.com\/fr\/wp-json\/wp\/v2\/categories?post=351829"},{"taxonomy":"post_tag","embeddable":true,"href":"https:\/\/www.europesays.com\/fr\/wp-json\/wp\/v2\/tags?post=351829"}],"curies":[{"name":"wp","href":"https:\/\/api.w.org\/{rel}","templated":true}]}}