{"id":351831,"date":"2025-08-29T10:12:09","date_gmt":"2025-08-29T10:12:09","guid":{"rendered":"https:\/\/www.europesays.com\/fr\/351831\/"},"modified":"2025-08-29T10:12:09","modified_gmt":"2025-08-29T10:12:09","slug":"strasbourg-kohola-un-restaurant-specialise-dans-les-poke-bowls-debarque-a-rivetoile","status":"publish","type":"post","link":"https:\/\/www.europesays.com\/fr\/351831\/","title":{"rendered":"Strasbourg. Kohola, un restaurant sp\u00e9cialis\u00e9 dans les poke bowls, d\u00e9barque \u00e0 Rivetoile"},"content":{"rendered":"<p>            Par<br \/>\n        <strong><br \/>\n            <a href=\"https:\/\/actu.fr\/auteur\/ivan-capecchi\" title=\"Consulter tous les articles de Ivan CAPECCHI\" rel=\"nofollow noopener\" target=\"_blank\">Ivan CAPECCHI<\/a><br \/>\n        <\/strong><\/p>\n<p>        Publi\u00e9 le<\/p>\n<p>            29 ao\u00fbt 2025 \u00e0 10h49        <\/p>\n<p>Le 5 septembre 2025, le centre commercial <a href=\"https:\/\/actu.fr\/tag\/rivetoile\" rel=\"nofollow noopener\" target=\"_blank\">Rivetoile<\/a> \u00e0 <strong>Strasbourg <\/strong>accueille une toute nouvelle enseigne : <strong>Kohola<\/strong>, un restaurant sp\u00e9cialis\u00e9 dans les <strong>poke bowls<\/strong>.<\/p>\n<p>Le poke bowl, une sp\u00e9cialit\u00e9 de la cuisine hawaienne<\/p>\n<p class=\" wall-content\">Kohola est une enseigne de restauration qui compte d\u00e9j\u00e0 cinq \u00e9tablissements.<\/p>\n<p class=\" wall-content\">Elle propose une cuisine inspir\u00e9e <strong>d\u2019Hawa\u00ef<\/strong>, centr\u00e9e sur le poke bowl, un plat traditionnel compos\u00e9 de <strong>poisson cru coup\u00e9 en d\u00e9s, de fruits et de l\u00e9gumes<\/strong>, servis sur une base de <strong>riz<\/strong>, de <strong>quinoa<\/strong> ou de <strong>salade<\/strong>.<\/p>\n<p class=\" wall-content\">Les clients peuvent choisir parmi des <strong>recettes signatures<\/strong> ou <strong>composer eux-m\u00eames leur poke bowl<\/strong>.<\/p>\n<p class=\" wall-content\">Personnalisez votre actualit\u00e9 en ajoutant vos villes et m\u00e9dias en favori avec <a href=\"https:\/\/moncompte.actu.fr\" title=\"D\u00e9couvez Mon Actu\" rel=\"nofollow noopener\" data-trk=\"{&quot;cta&quot;:{&quot;action&quot;:&quot;https:\\\/\\\/moncompte.actu.fr&quot;,&quot;category&quot;:&quot;mon compte&quot;,&quot;from&quot;:&quot;article footer&quot;,&quot;name&quot;:&quot;Mon actu&quot;,&quot;type&quot;:&quot;cta&quot;}}\" target=\"_blank\">Mon Actu<\/a>.<\/p>\n","protected":false},"excerpt":{"rendered":"Par Ivan CAPECCHI Publi\u00e9 le 29 ao\u00fbt 2025 \u00e0 10h49 Le 5 septembre 2025, le centre commercial Rivetoile&hellip;\n","protected":false},"author":2,"featured_media":351832,"comment_status":"","ping_status":"","sticky":false,"template":"","format":"standard","meta":{"footnotes":""},"categories":[2820],"tags":[1111,11,1777,674,1011,27,775,12,25,1340,15600,104,640],"class_list":{"0":"post-351831","1":"post","2":"type-post","3":"status-publish","4":"format-standard","5":"has-post-thumbnail","7":"category-strasbourg","8":"tag-actu","9":"tag-actualites","10":"tag-eu","11":"tag-europe","12":"tag-fr","13":"tag-france","14":"tag-grand-est","15":"tag-news","16":"tag-republique-francaise","17":"tag-restaurant","18":"tag-rivetoile","19":"tag-societe","20":"tag-strasbourg"},"share_on_mastodon":{"url":"https:\/\/pubeurope.com\/@fr\/115111523006504179","error":""},"_links":{"self":[{"href":"https:\/\/www.europesays.com\/fr\/wp-json\/wp\/v2\/posts\/351831","targetHints":{"allow":["GET"]}}],"collection":[{"href":"https:\/\/www.europesays.com\/fr\/wp-json\/wp\/v2\/posts"}],"about":[{"href":"https:\/\/www.europesays.com\/fr\/wp-json\/wp\/v2\/types\/post"}],"author":[{"embeddable":true,"href":"https:\/\/www.europesays.com\/fr\/wp-json\/wp\/v2\/users\/2"}],"replies":[{"embeddable":true,"href":"https:\/\/www.europesays.com\/fr\/wp-json\/wp\/v2\/comments?post=351831"}],"version-history":[{"count":0,"href":"https:\/\/www.europesays.com\/fr\/wp-json\/wp\/v2\/posts\/351831\/revisions"}],"wp:featuredmedia":[{"embeddable":true,"href":"https:\/\/www.europesays.com\/fr\/wp-json\/wp\/v2\/media\/351832"}],"wp:attachment":[{"href":"https:\/\/www.europesays.com\/fr\/wp-json\/wp\/v2\/media?parent=351831"}],"wp:term":[{"taxonomy":"category","embeddable":true,"href":"https:\/\/www.europesays.com\/fr\/wp-json\/wp\/v2\/categories?post=351831"},{"taxonomy":"post_tag","embeddable":true,"href":"https:\/\/www.europesays.com\/fr\/wp-json\/wp\/v2\/tags?post=351831"}],"curies":[{"name":"wp","href":"https:\/\/api.w.org\/{rel}","templated":true}]}}