{"id":351833,"date":"2025-08-29T10:13:10","date_gmt":"2025-08-29T10:13:10","guid":{"rendered":"https:\/\/www.europesays.com\/fr\/351833\/"},"modified":"2025-08-29T10:13:10","modified_gmt":"2025-08-29T10:13:10","slug":"est-ce-que-ca-vaut-28-e","status":"publish","type":"post","link":"https:\/\/www.europesays.com\/fr\/351833\/","title":{"rendered":"est-ce que \u00e7a vaut 28 \u20ac\u00a0?"},"content":{"rendered":"<p>            Par<br \/>\n        <strong><br \/>\n            <a href=\"https:\/\/actu.fr\/auteur\/ivan-capecchi\" title=\"Consulter tous les articles de Ivan CAPECCHI\" target=\"_blank\" rel=\"noopener\">Ivan CAPECCHI<\/a><br \/>\n        <\/strong><\/p>\n<p>        Publi\u00e9 le<\/p>\n<p>            29 ao\u00fbt 2025 \u00e0 11h43        <\/p>\n<p>\u00c0 compter de ce vendredi 29\u00a0ao\u00fbt, la <a href=\"https:\/\/actu.fr\/tag\/cathedrale-de-strasbourg\" target=\"_blank\" rel=\"noopener\">cath\u00e9drale de Strasbourg<\/a> se transforme plusieurs soirs par semaine en salle de <strong>spectacle<\/strong>. Le show immersif \u00ab\u2009<strong>Luminescence<\/strong>\u2009\u00bb, d\u00e9j\u00e0 pr\u00e9sent\u00e9 dans d\u2019autres villes fran\u00e7aises, propose une <strong>mise en valeur du monument<\/strong> par le biais de <strong>projections monumentales, de musique et de narration<\/strong>.<\/p>\n<p>Un son et lumi\u00e8re majestueux et parfaitement r\u00e9alis\u00e9<\/p>\n<p class=\" wall-content\">Pendant une heure, les sc\u00e8nes s\u2019encha\u00eenent, retra\u00e7ant <strong>l\u2019histoire mouvement\u00e9e de l\u2019\u00e9difice<\/strong>. La pr\u00e9sence d\u2019un ch\u0153ur en live rend le spectacle <strong>plus intense encore<\/strong>.<\/p>\n<p class=\" wall-content\">Pour ce spectacle, <strong>six mois de travail ont \u00e9t\u00e9 n\u00e9cessaires<\/strong>, et une <strong>quarantaine de personnes ont \u00e9t\u00e9 mobilis\u00e9es<\/strong>. Et, franchement, le r\u00e9sultat s\u2019en ressent\u2009: aucun accroc durant l\u2019avant-premi\u00e8re, une organisation au cordeau et un spectacle plus que r\u00e9ussi, couronn\u00e9 de copieux applaudissements \u00e0 la fin.<\/p>\n<blockquote class=\"tiktok-embed\" cite=\"https:\/\/www.tiktok.com\/@lorraine.actu\/video\/7543932523005447446\" data-video-id=\"7543932523005447446\" data-embed-from=\"oembed\" style=\"max-width:605px; min-width:325px;\"><p>\n<a target=\"_blank\" title=\"@lorraine.actu\" href=\"https:\/\/www.tiktok.com\/@lorraine.actu?refer=embed\" rel=\"noopener\">@lorraine.actu<\/a> <\/p>\n<p>A compter de ce vendredi 29 ao\u00fbt, la cath\u00e9drale de Strasbourg se transforme plusieurs soirs par semaine en salle de spectacle. Le show immersif \u00ab Luminiscence \u00bb, d\u00e9j\u00e0 pr\u00e9sent\u00e9 dans d\u2019autres villes fran\u00e7aises, propose une mise en valeur du monument par le biais de projections monumentales, de musique et de narration. Plus de 500 000 spectateurs ont d\u00e9j\u00e0 assist\u00e9 \u00e0 cette cr\u00e9ation, qui combine vid\u00e9o mapping \u00e0 360\u00b0, bande-son originale et, selon les repr\u00e9sentations, la pr\u00e9sence d\u2019un ch\u0153ur ou d\u2019un orchestre en direct. Chaque d\u00e9tail de l\u2019\u00e9difice gothique est ainsi mis en lumi\u00e8re, des vo\u00fbtes aux sculptures, prolongeant visuellement l\u2019architecture et donnant une nouvelle lecture de ce patrimoine class\u00e9 \u00e0 l\u2019UNESCO. Quatre actes et plusieurs versions musicales Le spectacle est structur\u00e9 en quatre volets : \u00c9l\u00e9vation d\u2019une g\u00e9ante, Entre ombres et lumi\u00e8res, La cath\u00e9drale des arts et \u00c9terniser. Deux formats sont propos\u00e9s au public : une version avec ch\u0153ur en live, port\u00e9e notamment par l\u2019Ensemble Nunc Dimittis sous la direction de R\u00e9mi Studer ; et des dates exceptionnelles o\u00f9 un orchestre complet accompagne les projections. Une version plus classique, avec la bande-son num\u00e9rique, est \u00e9galement programm\u00e9e certains soirs. Une exp\u00e9rience culturelle et sensorielle Avant de prendre place, les spectateurs peuvent d\u00e9ambuler dans la nef, accompagn\u00e9s par un soliste, et d\u00e9couvrir des panneaux retra\u00e7ant l\u2019histoire du monument. Une premi\u00e8re partie qui pr\u00e9pare au voyage immersif, o\u00f9 la voix d\u2019un narrateur entra\u00eene le public dans un r\u00e9cit m\u00ealant art, spiritualit\u00e9 et m\u00e9moire du lieu. Informations pratiques Lieu : cath\u00e9drale Notre-Dame de Strasbourg, place de la Cath\u00e9drale. Dates : plusieurs soirs par semaine, jusqu\u2019\u00e0 l\u2019automne. Dur\u00e9e : environ 60 minutes. Tarifs : \u00e0 partir de 28 \u20ac, selon la cat\u00e9gorie de placement et la version musicale choisie. Accessibilit\u00e9 : le spectacle est ouvert \u00e0 tous publics et accessible aux personnes \u00e0 mobilit\u00e9 r\u00e9duite. Les billets sont disponibles en ligne. <a title=\"strasbourg\" target=\"_blank\" href=\"https:\/\/www.tiktok.com\/tag\/strasbourg?refer=embed\" rel=\"noopener\">#Strasbourg<\/a> <a title=\"cath\u00e9drale\" target=\"_blank\" href=\"https:\/\/www.tiktok.com\/tag\/cath%C3%A9drale?refer=embed\" rel=\"noopener\">#cath\u00e9drale<\/a> <a title=\"wow\" target=\"_blank\" href=\"https:\/\/www.tiktok.com\/tag\/wow?refer=embed\" rel=\"noopener\">#wow<\/a> <\/p>\n<p> <a target=\"_blank\" title=\"\u266c son original - Lorraine Actu\" href=\"https:\/\/www.tiktok.com\/music\/son-original-7543932500867959574?refer=embed\" rel=\"noopener\">\u266c son original \u2013 Lorraine Actu<\/a> <\/p>\n<\/blockquote>\n<p class=\" wall-content\">Donc, pour r\u00e9pondre \u00e0 la question pos\u00e9e par l\u2019article\u2009: <strong>oui, le spectacle vaut les 28\u00a0\u20ac demand\u00e9s<\/strong>, \u00e0 condition que vous aimiez ce genre de show.<\/p>\n<p>Informations pratiques<br \/>\nLieu\u2009: cath\u00e9drale Notre-Dame de Strasbourg, place de la Cath\u00e9drale.<br \/>\nDates\u2009: plusieurs soirs par semaine, jusqu\u2019\u00e0 l\u2019automne.<br \/>\nDur\u00e9e\u2009: environ 60\u00a0minutes.<br \/>\nTarifs\u2009: \u00e0 partir de 28\u00a0\u20ac, selon la cat\u00e9gorie de placement et la version musicale choisie.<br \/>\nAccessibilit\u00e9\u2009: le spectacle est ouvert \u00e0 tous publics et accessible aux personnes \u00e0 mobilit\u00e9 r\u00e9duite.<br \/>\nLes billets sont <a href=\"https:\/\/luminiscence.com\/strasbourg\/\" target=\"_blank\" rel=\"noopener\">disponibles en ligne<\/a>.<\/p>\n<p class=\" wall-content\">Personnalisez votre actualit\u00e9 en ajoutant vos villes et m\u00e9dias en favori avec <a href=\"https:\/\/moncompte.actu.fr\" title=\"D\u00e9couvez Mon Actu\" rel=\"nofollow noopener\" data-trk=\"{&quot;cta&quot;:{&quot;action&quot;:&quot;https:\\\/\\\/moncompte.actu.fr&quot;,&quot;category&quot;:&quot;mon compte&quot;,&quot;from&quot;:&quot;article footer&quot;,&quot;name&quot;:&quot;Mon actu&quot;,&quot;type&quot;:&quot;cta&quot;}}\" target=\"_blank\">Mon Actu<\/a>.<\/p>\n<p>                    <script async src=\"\/\/www.tiktok.com\/embed.js\"><\/script><\/p>\n","protected":false},"excerpt":{"rendered":"Par Ivan CAPECCHI Publi\u00e9 le 29 ao\u00fbt 2025 \u00e0 11h43 \u00c0 compter de ce vendredi 29\u00a0ao\u00fbt, la cath\u00e9drale&hellip;\n","protected":false},"author":2,"featured_media":351834,"comment_status":"","ping_status":"","sticky":false,"template":"","format":"standard","meta":{"footnotes":""},"categories":[2820],"tags":[1111,11,12430,1777,674,1011,27,775,1652,12,25,853,640],"class_list":{"0":"post-351833","1":"post","2":"type-post","3":"status-publish","4":"format-standard","5":"has-post-thumbnail","7":"category-strasbourg","8":"tag-actu","9":"tag-actualites","10":"tag-cathedrale-de-strasbourg","11":"tag-eu","12":"tag-europe","13":"tag-fr","14":"tag-france","15":"tag-grand-est","16":"tag-loisirs-culture","17":"tag-news","18":"tag-republique-francaise","19":"tag-spectacles","20":"tag-strasbourg"},"share_on_mastodon":{"url":"https:\/\/pubeurope.com\/@fr\/115111527039930679","error":""},"_links":{"self":[{"href":"https:\/\/www.europesays.com\/fr\/wp-json\/wp\/v2\/posts\/351833","targetHints":{"allow":["GET"]}}],"collection":[{"href":"https:\/\/www.europesays.com\/fr\/wp-json\/wp\/v2\/posts"}],"about":[{"href":"https:\/\/www.europesays.com\/fr\/wp-json\/wp\/v2\/types\/post"}],"author":[{"embeddable":true,"href":"https:\/\/www.europesays.com\/fr\/wp-json\/wp\/v2\/users\/2"}],"replies":[{"embeddable":true,"href":"https:\/\/www.europesays.com\/fr\/wp-json\/wp\/v2\/comments?post=351833"}],"version-history":[{"count":0,"href":"https:\/\/www.europesays.com\/fr\/wp-json\/wp\/v2\/posts\/351833\/revisions"}],"wp:featuredmedia":[{"embeddable":true,"href":"https:\/\/www.europesays.com\/fr\/wp-json\/wp\/v2\/media\/351834"}],"wp:attachment":[{"href":"https:\/\/www.europesays.com\/fr\/wp-json\/wp\/v2\/media?parent=351833"}],"wp:term":[{"taxonomy":"category","embeddable":true,"href":"https:\/\/www.europesays.com\/fr\/wp-json\/wp\/v2\/categories?post=351833"},{"taxonomy":"post_tag","embeddable":true,"href":"https:\/\/www.europesays.com\/fr\/wp-json\/wp\/v2\/tags?post=351833"}],"curies":[{"name":"wp","href":"https:\/\/api.w.org\/{rel}","templated":true}]}}