{"id":351835,"date":"2025-08-29T10:14:18","date_gmt":"2025-08-29T10:14:18","guid":{"rendered":"https:\/\/www.europesays.com\/fr\/351835\/"},"modified":"2025-08-29T10:14:18","modified_gmt":"2025-08-29T10:14:18","slug":"cagnes-sur-mer-pese-t-elle-dans-la-metropole-de-nice-gestion-futur-tramway-chantiers-elle-va-continuer-a-se-renforcer-defend-louis-negre","status":"publish","type":"post","link":"https:\/\/www.europesays.com\/fr\/351835\/","title":{"rendered":"Cagnes-sur-Mer p\u00e8se-t-elle dans la m\u00e9tropole de Nice ? Gestion, futur tramway, chantiers&#8230; \u00ab\u00a0Elle va continuer \u00e0 se renforcer\u00a0\u00bb d\u00e9fend Louis N\u00e8gre"},"content":{"rendered":"<p><a href=\"https:\/\/ville.cagnes.fr\/musee-renoir\/infos-pratiques-musee-renoir\/\" target=\"_blank\" rel=\" noreferrer noopener nofollow\"><img loading=\"lazy\" decoding=\"async\" width=\"630\" height=\"630\" src=\"data:image\/svg+xml,%3Csvg%20xmlns=\" http:=\"\" alt=\"\" class=\"wp-image-245695\" style=\"width:300px\" data-lazy-src=\"https:\/\/www.europesays.com\/fr\/wp-content\/uploads\/2025\/07\/NM-2025-300x300px--630x630.jpg\"\/><\/a><\/p>\n<p><strong>PARTIE 3. Grands chantiers salu\u00e9s, mais tensions entre maires et accusations de \u00ab soumission \u00bb des \u00e9lus\u2026 La M\u00e9tropole ni\u00e7oise est au c\u0153ur du d\u00e9bat local ces derniers mois. Louis N\u00e8gre revendique une ligne claire : d\u00e9fendre l\u2019int\u00e9r\u00eat des habitants et des travaux structurants\u2026 loin des querelles politiciennes !<\/strong><\/p>\n<p>Vous \u00eates le pr\u00e9sident-d\u00e9l\u00e9gu\u00e9 de l\u2019agglo. Ces derniers mois, l\u2019ambiance s\u2019est parfois tendue \u00e0 la M\u00e9tropole, avec des frondes dans plusieurs communes. En prenant du recul, auriez-vous pu \u00e9viter ces crispations ?<\/p>\n<p>La d\u00e9mocratie, c\u2019est le d\u00e9bat ! Le pr\u00e9sident Christian Estrosi a voulu clarifier les choses : certains confondaient politique nationale et gestion locale. Que l\u2019on discute, que l\u2019on ne soit pas d\u2019accord, c\u2019est sain. Mais \u00e0 un moment donn\u00e9, ce qui compte, ce sont les r\u00e9sultats concrets pour nos habitants. Moi, je regarde les chiffres, pas les postures\u2026<\/p>\n<p>Certains \u00e9lus d\u00e9noncent un fonctionnement trop centralis\u00e9, et m\u00eame une \u00ab soumission \u00bb des communes \u00e0 Nice. Cagnes est-elle \u00e9cout\u00e9e comme vous le voulez ?<\/p>\n<p>Il faut qu\u2019ils arr\u00eatent avec les slogans. Montrez-moi o\u00f9 Cagnes-sur-Mer aurait perdu ? Moi, j\u2019ai regard\u00e9 les budgets : dans toutes les communes, y compris les plus petites, l\u2019arriv\u00e9e dans la M\u00e9tropole a apport\u00e9 plus qu\u2019elle n\u2019a pris de moyens ! Nous avons acc\u00e8s \u00e0 des services d\u2019ing\u00e9nierie de haut niveau, \u00e0 des financements colossaux sur l\u2019eau, les transports, l\u2019assainissement\u2026 Cagnes-sur-Mer seule n\u2019aurait jamais pu r\u00e9aliser ce que nous faisons aujourd\u2019hui.<\/p>\n<p>Vous \u00e9voquez l\u2019eau. C\u2019est un exemple parlant ?<\/p>\n<p>Oui, parce que c\u2019est vital. Nous pompions dans le Loup. Une crue, et tout pouvait s\u2019arr\u00eater du jour au lendemain. Que fait-on alors ? Avec la M\u00e9tropole, on a s\u00e9curis\u00e9 le r\u00e9seau, reli\u00e9 les champs captants, investi des dizaines de millions pour la qualit\u00e9 des ressources. Voil\u00e0 du concret\u2026<\/p>\n<blockquote class=\"twitter-tweet\">\n<p lang=\"fr\" dir=\"ltr\">Cartes sur table !<\/p>\n<p>\ud83d\udd34 Les dossiers chauds de Louis N\u00e8gre (<a href=\"https:\/\/twitter.com\/LouisNegreCSM?ref_src=twsrc%5Etfw\" target=\"_blank\" rel=\"noopener nofollow\">@LouisNegreCSM<\/a>) : travaux, commerces, s\u00e9curit\u00e9, mosqu\u00e9e\u2026 Ses r\u00e9ponses aux critiques<\/p>\n<p>\u27a1\ufe0f <a href=\"https:\/\/t.co\/3p0caoW7gm\" rel=\"nofollow\">https:\/\/t.co\/3p0caoW7gm<\/a> <a href=\"https:\/\/t.co\/Su1vh8gpbR\" rel=\"nofollow\">pic.twitter.com\/Su1vh8gpbR<\/a><\/p>\n<p>\u2014 Nice-Presse \u00b7 Top infos (@NicePresse) <a href=\"https:\/\/twitter.com\/NicePresse\/status\/1961346923228504099?ref_src=twsrc%5Etfw\" target=\"_blank\" rel=\"noopener nofollow\">August 29, 2025<\/a><\/p><\/blockquote>\n<p>Justement, c\u00f4t\u00e9 transports : la ligne 4 du tramway accuse du retard. Que dites-vous aux Cagnois ?<\/p>\n<p>D\u2019abord la v\u00e9rit\u00e9 : deux \u00e9v\u00e9nements majeurs ont boulevers\u00e9 le calendrier, le Covid et la temp\u00eate Alex. \u00c0 eux deux, ce sont 300 millions d\u2019euros d\u00e9pens\u00e9s en urgence pour sauver des vies, reloger, reconstruire. <\/p>\n<p><img loading=\"lazy\" decoding=\"async\" width=\"1121\" height=\"630\" src=\"data:image\/svg+xml,%3Csvg%20xmlns=\" http:=\"\" alt=\"tramway transports nice\" class=\"wp-image-38567\" title=\"Cagnes-sur-Mer p\u00e8se-t-elle dans la m\u00e9tropole de Nice ? Gestion, futur tramway, chantiers... &quot;Elle va continuer \u00e0 se renforcer&quot; d\u00e9fend Louis N\u00e8gre 1\" data-lazy- data-lazy- data-lazy-src=\"https:\/\/www.europesays.com\/fr\/wp-content\/uploads\/2025\/08\/NCA-Pers-08-Marechal-Juin-V3-LT-1121x630.jpeg\"\/>Le projet de la ligne 4 de tramway : Nice, Saint-Laurent-du-Var et Cagnes-sur-Mer<\/p>\n<p>Alors oui, le tram a \u00e9t\u00e9 d\u00e9cal\u00e9. Mais les travaux ont commenc\u00e9. Et je le redis : comme \u00e0 Nice, le tram sera un pl\u00e9biscite. On l\u2019a vu partout en France : les habitants r\u00e2lent avant, mais une fois inaugur\u00e9, personne ne veut revenir en arri\u00e8re.<\/p>\n<p>Au-del\u00e0 du tram, vous parlez d\u2019une transformation en profondeur du centre-ville ?<\/p>\n<p>Ce n\u2019est pas qu\u2019une ligne de transport. C\u2019est une \u00ab\u00a0requalification de fa\u00e7ade \u00e0 fa\u00e7ade\u00a0\u00bb : moins de voitures, moins de bruit, plus de v\u00e9g\u00e9tation, d\u2019immeubles r\u00e9nov\u00e9s. Regardez Jean-M\u00e9decin, \u00e0 Nice : avant, c\u2019\u00e9tait l\u2019autoroute urbaine, aujourd\u2019hui, c\u2019est une promenade. C\u2019est \u00e7a que nous voulons pour Cagnes-sur-Mer : un centre-ville apais\u00e9, moderne, attractif.<\/p>\n<p><a href=\"https:\/\/anneedelamer.nice.fr\/\" rel=\"nofollow noopener\" target=\"_blank\"><img loading=\"lazy\" decoding=\"async\" width=\"300\" height=\"300\" src=\"data:image\/svg+xml,%3Csvg%20xmlns=\" http:=\"\" alt=\"\" class=\"wp-image-235449\" data-lazy-src=\"https:\/\/www.europesays.com\/fr\/wp-content\/uploads\/2025\/04\/IMG_1416-2.png\"\/><\/a><\/p>\n<blockquote class=\"twitter-tweet\">\n<p lang=\"fr\" dir=\"ltr\">\u00ab Innover pour la qualit\u00e9 de vie \u00e0 <a href=\"https:\/\/twitter.com\/VilledeCagnes?ref_src=twsrc%5Etfw\" target=\"_blank\" rel=\"noopener nofollow\">@VilledeCagnes<\/a> \u00bb<\/p>\n<p>Nouveau quartier, \u00ab Petite Camargue \u00bb, campus\u2026 le maire Louis N\u00e8gre (<a href=\"https:\/\/twitter.com\/LouisNegreCSM?ref_src=twsrc%5Etfw\" target=\"_blank\" rel=\"noopener nofollow\">@LouisNegreCSM<\/a>) d\u00e9voile ses futurs projets pour Cagnes<\/p>\n<p>\u27a1\ufe0f <a href=\"https:\/\/t.co\/YoS3LBxOsy\" rel=\"nofollow\">https:\/\/t.co\/YoS3LBxOsy<\/a> <a href=\"https:\/\/t.co\/z4jZ2PdVau\" rel=\"nofollow\">pic.twitter.com\/z4jZ2PdVau<\/a><\/p>\n<p>\u2014 Nice-Presse \u00b7 Top infos (@NicePresse) <a href=\"https:\/\/twitter.com\/NicePresse\/status\/1961354377928581529?ref_src=twsrc%5Etfw\" target=\"_blank\" rel=\"noopener nofollow\">August 29, 2025<\/a><\/p><\/blockquote>\n<p>\u00c0 l\u2019avenir, la M\u00e9tropole doit-elle \u00e9voluer dans son fonctionnement, sa gestion, comme le veut l\u2019opposition, certains maires vall\u00e9ens ?<\/p>\n<p>Elle doit continuer \u00e0 se renforcer l\u00e0 o\u00f9 elle apporte une v\u00e9ritable valeur ajout\u00e9e : l\u2019eau, la gestion des d\u00e9chets, les grands r\u00e9seaux, les transports. Ce sont des domaines o\u00f9 aucune commune, m\u00eame Cagnes, ne pourrait agir seule. <\/p>\n<p>La gouvernance ? Elle doit rester fond\u00e9e sur le dialogue. Je suis pr\u00eat \u00e0 discuter, \u00e0 entendre des propositions, mais \u00e0 condition que l\u2019on parle concret, pas d\u00e9magogie. Ce qui compte, ce n\u2019est pas \u00ab qui commande \u00bb. C\u2019est le quotidien des m\u00e9tropolitains.<\/p>\n<p>\t<script async src=\"https:\/\/platform.twitter.com\/widgets.js\" charset=\"utf-8\"><\/script><\/p>\n","protected":false},"excerpt":{"rendered":"PARTIE 3. Grands chantiers salu\u00e9s, mais tensions entre maires et accusations de \u00ab soumission \u00bb des \u00e9lus\u2026 La&hellip;\n","protected":false},"author":2,"featured_media":351836,"comment_status":"","ping_status":"","sticky":false,"template":"","format":"standard","meta":{"footnotes":""},"categories":[2819],"tags":[1111,11,1777,674,1011,27,12,2401,882,25],"class_list":{"0":"post-351835","1":"post","2":"type-post","3":"status-publish","4":"format-standard","5":"has-post-thumbnail","7":"category-nice","8":"tag-actu","9":"tag-actualites","10":"tag-eu","11":"tag-europe","12":"tag-fr","13":"tag-france","14":"tag-news","15":"tag-nice","16":"tag-provence-alpes-cote-dazur","17":"tag-republique-francaise"},"share_on_mastodon":{"url":"https:\/\/pubeurope.com\/@fr\/115111530674067153","error":""},"_links":{"self":[{"href":"https:\/\/www.europesays.com\/fr\/wp-json\/wp\/v2\/posts\/351835","targetHints":{"allow":["GET"]}}],"collection":[{"href":"https:\/\/www.europesays.com\/fr\/wp-json\/wp\/v2\/posts"}],"about":[{"href":"https:\/\/www.europesays.com\/fr\/wp-json\/wp\/v2\/types\/post"}],"author":[{"embeddable":true,"href":"https:\/\/www.europesays.com\/fr\/wp-json\/wp\/v2\/users\/2"}],"replies":[{"embeddable":true,"href":"https:\/\/www.europesays.com\/fr\/wp-json\/wp\/v2\/comments?post=351835"}],"version-history":[{"count":0,"href":"https:\/\/www.europesays.com\/fr\/wp-json\/wp\/v2\/posts\/351835\/revisions"}],"wp:featuredmedia":[{"embeddable":true,"href":"https:\/\/www.europesays.com\/fr\/wp-json\/wp\/v2\/media\/351836"}],"wp:attachment":[{"href":"https:\/\/www.europesays.com\/fr\/wp-json\/wp\/v2\/media?parent=351835"}],"wp:term":[{"taxonomy":"category","embeddable":true,"href":"https:\/\/www.europesays.com\/fr\/wp-json\/wp\/v2\/categories?post=351835"},{"taxonomy":"post_tag","embeddable":true,"href":"https:\/\/www.europesays.com\/fr\/wp-json\/wp\/v2\/tags?post=351835"}],"curies":[{"name":"wp","href":"https:\/\/api.w.org\/{rel}","templated":true}]}}