{"id":351837,"date":"2025-08-29T10:15:14","date_gmt":"2025-08-29T10:15:14","guid":{"rendered":"https:\/\/www.europesays.com\/fr\/351837\/"},"modified":"2025-08-29T10:15:14","modified_gmt":"2025-08-29T10:15:14","slug":"il-refuse-de-payer-un-supplement-bagages-le-litige-se-termine-en-bagarre-a-laeroport-de-nice","status":"publish","type":"post","link":"https:\/\/www.europesays.com\/fr\/351837\/","title":{"rendered":"Il refuse de payer un suppl\u00e9ment bagages: le litige se termine en bagarre \u00e0 l&rsquo;a\u00e9roport de Nice"},"content":{"rendered":"<p>Samedi 23 ao\u00fbt, une <strong>violente altercation a \u00e9clat\u00e9 dans le Terminal 2<\/strong> de l\u2019a\u00e9roport de Nice, \u00e0 l\u2019embarquement d\u2019un <strong>vol EasyJet \u00e0 destination de Mykonos.<\/strong><\/p>\n<p>Ce qui n\u2019\u00e9tait au d\u00e9part qu\u2019un banal diff\u00e9rend commercial autour du volume de bagages s\u2019est transform\u00e9 en<strong> sc\u00e8ne de chaos.<\/strong><\/p>\n<p><strong>Une dispute qui d\u00e9g\u00e9n\u00e8re<\/strong><\/p>\n<p>Le couple concern\u00e9 <strong>refusait de s\u2019acquitter du suppl\u00e9men<\/strong>t r\u00e9clam\u00e9 par la soci\u00e9t\u00e9 de coordination de vol. Tr\u00e8s vite, le ton est mont\u00e9. Au point de voir l\u2019homme en venir aux mains avec un agent de l\u2019a\u00e9roport, jusqu\u2019\u00e0 se battre au sol.<\/p>\n<p>La sc\u00e8ne, film\u00e9e, montre \u00e9galement<strong> sa compagne ramasser la chaussure de son partenaire, perdue dans l\u2019\u00e9chauffour\u00e9e,<\/strong> et frapper l\u2019agent \u00e0 la t\u00eate avec.\u00a0<\/p>\n<p>                                <strong>Des tensions amen\u00e9es \u00e0 se r\u00e9p\u00e9ter?<\/strong><\/p>\n<p>L\u2019homme a \u00e9t\u00e9 interpell\u00e9 dans la foul\u00e9e, et <strong>n&rsquo;a bien \u00e9videmment pas pu embarquer en direction de la Gr\u00e8ce<\/strong>.\u00a0<strong>L\u2019a\u00e9roport de Nice, de son c\u00f4t\u00e9, a port\u00e9 plainte.<\/strong><\/p>\n<p><strong>Avec l\u2019ouverture prochaine du Terminal 3 et un trafic en hausse, syndicats et agents redo<\/strong>utent une multiplication de ce type de d\u00e9bordements.<\/p>\n<p>\u00ab\u00a0Les coll\u00e8gues de la PAF (Police aux Fronti\u00e8res) sont intervenus le plus vite possible. On est inquiet car les effectifs diminuent et avec la livraison \u00e0 venir du Terminal 3, il y aura plus de passagers, donc plus de diff\u00e9rends potentiels. C\u2019est pourquoi on demande des renforts d\u2019effectifs, afin d\u2019anticiper et \u00e9viter cela\u00a0\u00bb, souligne Ali Belhadj, d\u00e9l\u00e9gu\u00e9 d\u00e9partemental d\u2019Unit\u00e9 SGP Police 06.<\/p>\n","protected":false},"excerpt":{"rendered":"Samedi 23 ao\u00fbt, une violente altercation a \u00e9clat\u00e9 dans le Terminal 2 de l\u2019a\u00e9roport de Nice, \u00e0 l\u2019embarquement&hellip;\n","protected":false},"author":2,"featured_media":351838,"comment_status":"","ping_status":"","sticky":false,"template":"","format":"standard","meta":{"footnotes":""},"categories":[2819],"tags":[1111,11,1777,674,118,1011,27,12,2401,882,25],"class_list":{"0":"post-351837","1":"post","2":"type-post","3":"status-publish","4":"format-standard","5":"has-post-thumbnail","7":"category-nice","8":"tag-actu","9":"tag-actualites","10":"tag-eu","11":"tag-europe","12":"tag-faits-divers","13":"tag-fr","14":"tag-france","15":"tag-news","16":"tag-nice","17":"tag-provence-alpes-cote-dazur","18":"tag-republique-francaise"},"share_on_mastodon":{"url":"https:\/\/pubeurope.com\/@fr\/115111534655802724","error":""},"_links":{"self":[{"href":"https:\/\/www.europesays.com\/fr\/wp-json\/wp\/v2\/posts\/351837","targetHints":{"allow":["GET"]}}],"collection":[{"href":"https:\/\/www.europesays.com\/fr\/wp-json\/wp\/v2\/posts"}],"about":[{"href":"https:\/\/www.europesays.com\/fr\/wp-json\/wp\/v2\/types\/post"}],"author":[{"embeddable":true,"href":"https:\/\/www.europesays.com\/fr\/wp-json\/wp\/v2\/users\/2"}],"replies":[{"embeddable":true,"href":"https:\/\/www.europesays.com\/fr\/wp-json\/wp\/v2\/comments?post=351837"}],"version-history":[{"count":0,"href":"https:\/\/www.europesays.com\/fr\/wp-json\/wp\/v2\/posts\/351837\/revisions"}],"wp:featuredmedia":[{"embeddable":true,"href":"https:\/\/www.europesays.com\/fr\/wp-json\/wp\/v2\/media\/351838"}],"wp:attachment":[{"href":"https:\/\/www.europesays.com\/fr\/wp-json\/wp\/v2\/media?parent=351837"}],"wp:term":[{"taxonomy":"category","embeddable":true,"href":"https:\/\/www.europesays.com\/fr\/wp-json\/wp\/v2\/categories?post=351837"},{"taxonomy":"post_tag","embeddable":true,"href":"https:\/\/www.europesays.com\/fr\/wp-json\/wp\/v2\/tags?post=351837"}],"curies":[{"name":"wp","href":"https:\/\/api.w.org\/{rel}","templated":true}]}}