{"id":351839,"date":"2025-08-29T10:16:10","date_gmt":"2025-08-29T10:16:10","guid":{"rendered":"https:\/\/www.europesays.com\/fr\/351839\/"},"modified":"2025-08-29T10:16:10","modified_gmt":"2025-08-29T10:16:10","slug":"on-sait-quand-les-bains-douches-de-lespace-agnes-varda-vont-rouvrir","status":"publish","type":"post","link":"https:\/\/www.europesays.com\/fr\/351839\/","title":{"rendered":"on sait quand les bains douches de l&rsquo;espace Agn\u00e8s Varda vont rouvrir"},"content":{"rendered":"<p>            Par<br \/>\n        <strong><br \/>\n            <a href=\"https:\/\/actu.fr\/auteur\/laure-gentil\" title=\"Consulter tous les articles de Laure Gentil\" target=\"_blank\" rel=\"noopener\">Laure Gentil<\/a><br \/>\n        <\/strong><\/p>\n<p>        Publi\u00e9 le<\/p>\n<p>            29 ao\u00fbt 2025 \u00e0 11h49        <\/p>\n<p>C\u2019est une bonne nouvelle pour la rentr\u00e9e. L<strong>\u2019espace Agn\u00e8s Varda<\/strong> va rouvrir ses 20 douches ce <strong>mercredi 3\u00a0septembre 2025<\/strong> apr\u00e8s dix mois de travaux. La Ville de Nantes avait ouvert ce \u00ab\u2009nouvel \u00e9quipement solidaire d\u2019accueil, de restauration et d\u2019hygi\u00e8ne\u2009\u00bb en 2020 sur l\u2019\u00eele de Nantes.<\/p>\n<blockquote class=\"ac-article-quote wall-content\">\n<p>Ce lieu, pens\u00e9 avec les usag\u00e8res, les usagers et les professionnels, est un maillon essentiel du r\u00e9seau d\u2019\u00e9quipements d\u2019urgence sociale nantais, qui visent \u00e0 r\u00e9pondre aux besoins de premi\u00e8re n\u00e9cessit\u00e9 des personnes en situation de pr\u00e9carit\u00e9.<\/p>\n<p>    <strong>Nantes M\u00e9tropole<\/strong>\n            <\/p><\/blockquote>\n<p>Des r\u00e9novations \u00e0 cause de malfa\u00e7ons<\/p>\n<p class=\" wall-content\">Ces dix mois de travaux de r\u00e9novation, qui se sont termin\u00e9s fin juillet, \u00e9taient n\u00e9cessaires suite \u00e0 des <strong>malfa\u00e7ons<\/strong> constat\u00e9es par la Ville de Nantes.<\/p>\n<p class=\" wall-content\">Ces malfa\u00e7ons avaient entra\u00een\u00e9 des \u00ab\u2009<strong>dommages collat\u00e9raux\u2009<\/strong>\u00bb\u2009: les plafonds du restaurant social avaient notamment \u00e9t\u00e9 d\u00e9grad\u00e9s en raison des fuites des douches situ\u00e9es au-dessus et certains mat\u00e9riaux, inadapt\u00e9s pour les lieux, ont d\u00fb \u00eatre remplac\u00e9s par d\u2019autres plus r\u00e9sistants \u00e0 l\u2019humidit\u00e9. Au total, les travaux ont co\u00fbt\u00e9 <strong>470\u2009000\u00a0euros (hors taxes).<\/strong><\/p>\n<p class=\" wall-content\">La Ville a pris la d\u00e9cision de porter l\u2019affaire devant le <strong>tribunal administratif<\/strong> dans le but d\u2019\u00eatre indemnis\u00e9. La proc\u00e9dure est toujours en cours. Le pr\u00e9judice s\u2019\u00e9l\u00e8ve \u00e0 <strong>1,3\u00a0million d\u2019euros.<\/strong><\/p>\n<p>Une hausse de la fr\u00e9quentation<\/p>\n<p class=\" wall-content\">Pour \u00e9viter une interruption du service durant les travaux,<a href=\"https:\/\/actu.fr\/pays-de-la-loire\/nantes_44109\/nantes-c-est-quoi-ces-batiments-modulaires-installes-place-de-la-gare-de-l-etat_61842696.html\" target=\"_blank\" rel=\"noopener\"> les douches ont \u00e9t\u00e9 d\u00e9plac\u00e9es 100\u00a0m\u00e8tres plus loin<\/a> dans des locaux provisoires <strong>au niveau de la Maison des syndicats.<\/strong> Ces modulaires seront d\u00e9mont\u00e9s<strong> courant septembre\u00a02025.<\/strong><\/p>\n<p>Votre r\u00e9gion, votre actu !<\/p>\n<p>Recevez chaque jour les infos qui comptent pour vous.<\/p>\n<p>\t<a href=\"https:\/\/actu.fr\/newsletter\" class=\"ac-btn ac-btn--corner ac-btn--medium ac-btn--blue800\" target=\"_blank\" rel=\"noopener\">S&rsquo;incrire<\/a><\/p>\n<p class=\" wall-content\">Mais la Ville de Nantes assure que cela n\u2019a pas impact\u00e9 la fr\u00e9quentation des douches, qui est en hausse\u2009: \u00ab\u2009pr\u00e8s de <strong>10\u2009040 douches prises depuis d\u00e9but 2025<\/strong>, soit 80 \u00e0 120 douches par jour, en hausse de 20\u2009% par rapport \u00e0 2024.\u2009\u00bb<\/p>\n<p>Quels sont les services propos\u00e9s \u00e0 l\u2019espace Agn\u00e8s Varda\u2009?<\/p>\n<ul class=\" wall-content\">\n<li>Un acc\u00e8s \u00e0 20 douches, dont 6 r\u00e9serv\u00e9es aux femmes et 2 pour les personnes \u00e0 mobilit\u00e9 r\u00e9duite qui pourront \u00e9galement servir pour les familles\u2009;<\/li>\n<li>des espaces lavabos et de bien-\u00eatre\u2009;<\/li>\n<li>une mise \u00e0 disposition de serviettes et de produits d\u2019hygi\u00e8ne\u2009;<\/li>\n<li>un petit-d\u00e9jeuner de \u00ab\u2009fa\u00e7on inconditionnelle\u2009\u00bb les matins de la semaine (du lundi au vendredi) et un buffet le samedi matin\u2009;<\/li>\n<li>un restaurant social le midi (du lundi au vendredi), sous r\u00e9serve de b\u00e9n\u00e9ficier d\u2019une carte \u00e9tablie par le Centre communal d\u2019action sociale (CCAS) de la Ville de Nantes\u2009;<\/li>\n<li>un accueil de jour pour pouvoir \u00ab\u2009se poser, se reposer, charger son t\u00e9l\u00e9phone, prendre un caf\u00e9, lire les journaux, acc\u00e9der \u00e0 internet (Wifi public, 2 ordinateurs mis \u00e0 disposition) et participer aux activit\u00e9s propos\u00e9es par les associations partenaires\u2009\u00bb\u2009;<\/li>\n<li>des services de blanchisserie sociale, consigne pour les bagages\u2009;<\/li>\n<li>des rendez-vous avec des professionnels (un travailleur social pour une aide<br \/>dans les acc\u00e8s aux droits et une infirmi\u00e8re deux jours par semaine)\u2009;<\/li>\n<li>des espaces biblioth\u00e8ques et une infirmerie.<\/li>\n<\/ul>\n<p><strong>Infos pratiques<\/strong>\u2009: Espace Agn\u00e8s Varda -16 rue Pierre Landais, quartier \u00eele de Nantes. 02\u200940\u200941\u200953\u200900. Chronobus C5, arr\u00eat Gare de l\u2019\u00c9tat. Accueil de jour le lundi, mardi, mercredi et vendredi de 8\u2009h\u200930 \u00e0 17\u2009h, le jeudi de 8\u2009h\u200930 \u00e0 15\u2009h et le samedi de 8\u2009h\u200930 \u00e0 14\u2009h. Restaurant social ouvert tous les jours de 11\u2009h\u200930 \u00e0 13\u2009h\u200930. Douches ouvertes le lundi, mardi, mercredi et vendredi de 8\u2009h\u200930 \u00e0 16\u2009h, le jeudi de 8\u2009h\u200930 \u00e0 14\u2009h, le samedi de 8\u2009h\u200930 \u00e0 12\u2009h\u200930. <a href=\"https:\/\/metropole.nantes.fr\/espace-agnes-varda\" target=\"_blank\" rel=\"noopener\">Cliquez ici pour plus d\u2019informations.<\/a><\/p>\n<p class=\" wall-content\">Personnalisez votre actualit\u00e9 en ajoutant vos villes et m\u00e9dias en favori avec <a href=\"https:\/\/moncompte.actu.fr\" title=\"D\u00e9couvez Mon Actu\" rel=\"nofollow noopener\" data-trk=\"{&quot;cta&quot;:{&quot;action&quot;:&quot;https:\\\/\\\/moncompte.actu.fr&quot;,&quot;category&quot;:&quot;mon compte&quot;,&quot;from&quot;:&quot;article footer&quot;,&quot;name&quot;:&quot;Mon actu&quot;,&quot;type&quot;:&quot;cta&quot;}}\" target=\"_blank\">Mon Actu<\/a>.<\/p>\n","protected":false},"excerpt":{"rendered":"Par Laure Gentil Publi\u00e9 le 29 ao\u00fbt 2025 \u00e0 11h49 C\u2019est une bonne nouvelle pour la rentr\u00e9e. L\u2019espace&hellip;\n","protected":false},"author":2,"featured_media":351840,"comment_status":"","ping_status":"","sticky":false,"template":"","format":"standard","meta":{"footnotes":""},"categories":[2818],"tags":[1111,11,1777,674,1011,27,766,12,2636,25,104,3400],"class_list":{"0":"post-351839","1":"post","2":"type-post","3":"status-publish","4":"format-standard","5":"has-post-thumbnail","7":"category-nantes","8":"tag-actu","9":"tag-actualites","10":"tag-eu","11":"tag-europe","12":"tag-fr","13":"tag-france","14":"tag-nantes","15":"tag-news","16":"tag-pays-de-la-loire","17":"tag-republique-francaise","18":"tag-societe","19":"tag-solidarite"},"share_on_mastodon":{"url":"https:\/\/pubeurope.com\/@fr\/115111538636859554","error":""},"_links":{"self":[{"href":"https:\/\/www.europesays.com\/fr\/wp-json\/wp\/v2\/posts\/351839","targetHints":{"allow":["GET"]}}],"collection":[{"href":"https:\/\/www.europesays.com\/fr\/wp-json\/wp\/v2\/posts"}],"about":[{"href":"https:\/\/www.europesays.com\/fr\/wp-json\/wp\/v2\/types\/post"}],"author":[{"embeddable":true,"href":"https:\/\/www.europesays.com\/fr\/wp-json\/wp\/v2\/users\/2"}],"replies":[{"embeddable":true,"href":"https:\/\/www.europesays.com\/fr\/wp-json\/wp\/v2\/comments?post=351839"}],"version-history":[{"count":0,"href":"https:\/\/www.europesays.com\/fr\/wp-json\/wp\/v2\/posts\/351839\/revisions"}],"wp:featuredmedia":[{"embeddable":true,"href":"https:\/\/www.europesays.com\/fr\/wp-json\/wp\/v2\/media\/351840"}],"wp:attachment":[{"href":"https:\/\/www.europesays.com\/fr\/wp-json\/wp\/v2\/media?parent=351839"}],"wp:term":[{"taxonomy":"category","embeddable":true,"href":"https:\/\/www.europesays.com\/fr\/wp-json\/wp\/v2\/categories?post=351839"},{"taxonomy":"post_tag","embeddable":true,"href":"https:\/\/www.europesays.com\/fr\/wp-json\/wp\/v2\/tags?post=351839"}],"curies":[{"name":"wp","href":"https:\/\/api.w.org\/{rel}","templated":true}]}}