{"id":351841,"date":"2025-08-29T10:17:10","date_gmt":"2025-08-29T10:17:10","guid":{"rendered":"https:\/\/www.europesays.com\/fr\/351841\/"},"modified":"2025-08-29T10:17:10","modified_gmt":"2025-08-29T10:17:10","slug":"a-nantes-les-republicains-au-stade-primaire-pour-choisir-leur-candidat-liberation","status":"publish","type":"post","link":"https:\/\/www.europesays.com\/fr\/351841\/","title":{"rendered":"\u00e0 Nantes, Les R\u00e9publicains au stade primaire pour choisir leur candidat \u2013 Lib\u00e9ration"},"content":{"rendered":"<p class=\"sc-ksZaOG ehjQrN text-element\">Qui pour faire tomber la socialiste <a href=\"https:\/\/www.liberation.fr\/portraits\/johanna-rolland-ponts-et-fosses-20241120_56TTT3O44FAHTBYNUEWAZNRBJM\/\" target=\"_blank\" rel=\"noopener\" title=\"https:\/\/www.liberation.fr\/portraits\/johanna-rolland-ponts-et-fosses-20241120_56TTT3O44FAHTBYNUEWAZNRBJM\/\">Johanna Rolland<\/a> ? A Nantes, apr\u00e8s 36 ans de disette, la droite n\u2019est pas loin d\u2019aller allumer un cierge pour le cru 2026 des municipales. Mais avant la grande baston, la f\u00e9d\u00e9ration locale des R\u00e9publicains (LR) passe par la case primaire. Les adh\u00e9rents sont appel\u00e9s \u00e0 d\u00e9partager ce week-end deux candidats : Julien Bainvel et Foulques Chombart de Lauwe.<\/p>\n<p class=\"sc-ksZaOG ehjQrN text-element\">Conseiller municipal d\u2019opposition, Bainvel a \u00e9t\u00e9 adoub\u00e9 par <a href=\"https:\/\/www.liberation.fr\/politique\/laurence-garnier-pressentie-au-ministere-de-la-famille-du-gouvernement-barnier-une-victoire-pour-la-manif-pour-tous-20240920_DSKNAFY22JCMXLMLREPST76KSM\/\" target=\"_blank\" rel=\"noopener\" title=\"https:\/\/www.liberation.fr\/politique\/laurence-garnier-pressentie-au-ministere-de-la-famille-du-gouvernement-barnier-une-victoire-pour-la-manif-pour-tous-20240920_DSKNAFY22JCMXLMLREPST76KSM\/\">Laurence Garnier<\/a>, s\u00e9natrice de Loire-Atlantique et ex<\/p>\n","protected":false},"excerpt":{"rendered":"Qui pour faire tomber la socialiste Johanna Rolland ? A Nantes, apr\u00e8s 36 ans de disette, la droite&hellip;\n","protected":false},"author":2,"featured_media":351842,"comment_status":"","ping_status":"","sticky":false,"template":"","format":"standard","meta":{"footnotes":""},"categories":[2818],"tags":[1111,11,1777,674,1011,27,3228,5945,766,12,2636,25],"class_list":{"0":"post-351841","1":"post","2":"type-post","3":"status-publish","4":"format-standard","5":"has-post-thumbnail","7":"category-nantes","8":"tag-actu","9":"tag-actualites","10":"tag-eu","11":"tag-europe","12":"tag-fr","13":"tag-france","14":"tag-lr","15":"tag-municipales-elections","16":"tag-nantes","17":"tag-news","18":"tag-pays-de-la-loire","19":"tag-republique-francaise"},"share_on_mastodon":{"url":"https:\/\/pubeurope.com\/@fr\/115111542462107116","error":""},"_links":{"self":[{"href":"https:\/\/www.europesays.com\/fr\/wp-json\/wp\/v2\/posts\/351841","targetHints":{"allow":["GET"]}}],"collection":[{"href":"https:\/\/www.europesays.com\/fr\/wp-json\/wp\/v2\/posts"}],"about":[{"href":"https:\/\/www.europesays.com\/fr\/wp-json\/wp\/v2\/types\/post"}],"author":[{"embeddable":true,"href":"https:\/\/www.europesays.com\/fr\/wp-json\/wp\/v2\/users\/2"}],"replies":[{"embeddable":true,"href":"https:\/\/www.europesays.com\/fr\/wp-json\/wp\/v2\/comments?post=351841"}],"version-history":[{"count":0,"href":"https:\/\/www.europesays.com\/fr\/wp-json\/wp\/v2\/posts\/351841\/revisions"}],"wp:featuredmedia":[{"embeddable":true,"href":"https:\/\/www.europesays.com\/fr\/wp-json\/wp\/v2\/media\/351842"}],"wp:attachment":[{"href":"https:\/\/www.europesays.com\/fr\/wp-json\/wp\/v2\/media?parent=351841"}],"wp:term":[{"taxonomy":"category","embeddable":true,"href":"https:\/\/www.europesays.com\/fr\/wp-json\/wp\/v2\/categories?post=351841"},{"taxonomy":"post_tag","embeddable":true,"href":"https:\/\/www.europesays.com\/fr\/wp-json\/wp\/v2\/tags?post=351841"}],"curies":[{"name":"wp","href":"https:\/\/api.w.org\/{rel}","templated":true}]}}