{"id":351843,"date":"2025-08-29T10:18:11","date_gmt":"2025-08-29T10:18:11","guid":{"rendered":"https:\/\/www.europesays.com\/fr\/351843\/"},"modified":"2025-08-29T10:18:11","modified_gmt":"2025-08-29T10:18:11","slug":"ce-qui-change-au-1er-septembre-sur-le-reseau-tbm-a-bordeaux","status":"publish","type":"post","link":"https:\/\/www.europesays.com\/fr\/351843\/","title":{"rendered":"ce qui change au 1er septembre sur le r\u00e9seau TBM \u00e0 Bordeaux"},"content":{"rendered":"<p>            Par<br \/>\n        <strong><br \/>\n            <a href=\"https:\/\/actu.fr\/auteur\/juliette-cardinale\" title=\"Consulter tous les articles de Juliette Cardinale\" rel=\"nofollow noopener\" target=\"_blank\">Juliette Cardinale<\/a><br \/>\n        <\/strong><\/p>\n<p>        Publi\u00e9 le<\/p>\n<p>            29 ao\u00fbt 2025 \u00e0 11h58        <\/p>\n<p>Apr\u00e8s trois mois de travaux intenses, <a href=\"https:\/\/actu.fr\/nouvelle-aquitaine\/bordeaux_33063\/chantier-titanesque-sur-le-reseau-tbm-a-bordeaux-ce-que-les-usagers-du-tram-doivent-savoir_62473216.html\" rel=\"nofollow noopener\" target=\"_blank\">le chantier titanesque sur le r\u00e9seau TBM<\/a> touche \u00e0 sa fin. <strong>Ce lundi 1er septembre 2025,<\/strong> le trafic habituel va pouvoir reprendre sur les lignes de tram A, C et D \u00e0 Bordeaux. Mais attention, des changements sont tout de m\u00eame \u00e0 pr\u00e9voir sur le r\u00e9seau. On fait le point.<\/p>\n<p>Certains tarifs augmentent<\/p>\n<p class=\" wall-content\">Habituellement, les tarifs TBM \u00e9voluent d\u00e9but juillet. Si aucune remise n\u2019a \u00e9t\u00e9 faite malgr\u00e9 les travaux, <strong>l\u2019augmentation de la grille tarifaire<\/strong> a \u00e9t\u00e9 diff\u00e9r\u00e9e \u00e0 la rentr\u00e9e.\u00a0<\/p>\n<p class=\" wall-content\">Ce 1er septembre, les <strong>tarifs des tickets<\/strong> au voyage, \u00e0 la journ\u00e9e, pour les \u00e9v\u00e9nements ainsi que les titres combin\u00e9s Modalis TBM+Car et Modalis TBM+TER augmentent donc. Les pass aussi voient leurs tarifs \u00e9voluer. Retrouver <a href=\"https:\/\/actu.fr\/nouvelle-aquitaine\/bordeaux_33063\/les-tarifs-tbm-vont-augmenter-a-bordeaux-on-connait-les-nouveaux-prix-et-leur-date-d-entree-en-vigueur_62465948.html\" rel=\"nofollow noopener\" target=\"_blank\">le d\u00e9tail des tarifs dans notre article pr\u00e9c\u00e9dent.<\/a>\u00a0<\/p>\n<p>Des \u00e9volutions sur les lignes de bus<\/p>\n<p class=\" wall-content\">Plusieurs <strong>lignes de bus<\/strong> de la <a href=\"https:\/\/actu.fr\/tag\/bordeaux-metropole\" rel=\"nofollow noopener\" target=\"_blank\">m\u00e9tropole bordelaise<\/a> sont modifi\u00e9es d\u00e8s la rentr\u00e9e :\u00a0<\/p>\n<ul class=\" wall-content\">\n<li>Les <strong>fr\u00e9quences de la lianes 6<\/strong> sont renforc\u00e9es tous les jours. Cette ligne lie notamment Floirac, l\u2019Arena, la gare Saint-Jean, la Victoire et le Palais de Justice, tout en proposant des correspondances avec les quatre lignes de tram.<\/li>\n<li>Le <strong>trajet de la lianes 35<\/strong> est modifi\u00e9 sur la commune de B\u00e8gles. La lignes emprunte d\u00e9sormais la rue Ferdinand Buisson et la place du XIV juillet.<\/li>\n<li>\u00c0 <strong>M\u00e9rignac,<\/strong> la ligne 33 va desservir les quartiers Montesquieu et de l\u2019\u00c9maillerie. Ils seront dor\u00e9navant directement connect\u00e9s au centre de la commune.<\/li>\n<\/ul>\n<p class=\" wall-content\">La <strong>lianes 39 se d\u00e9double.<\/strong> \u00ab\u00a0Elle circulera d\u00e9sormais uniquement entre St-M\u00e9dard ZA Picot et Villenave Pyr\u00e9n\u00e9es, en passant toujours par l\u2019A\u00e9roparc \/ A\u00e9roport et Bersol, du lundi au dimanche\u00a0\u00bb, explique TBM.<\/p>\n<p>Votre r\u00e9gion, votre actu !<\/p>\n<p>Recevez chaque jour les infos qui comptent pour vous.<\/p>\n<p>\t<a href=\"https:\/\/actu.fr\/newsletter\" class=\"ac-btn ac-btn--corner ac-btn--medium ac-btn--blue800\" rel=\"nofollow noopener\" target=\"_blank\">S&rsquo;incrire<\/a><\/p>\n<p class=\" wall-content\">La <strong>lianes 39 Est<\/strong> reprendra la desserte entre Eysines Cantinolle, le Haillan et l\u2019A\u00e9roport, du lundi au samedi. Dans les deux cas, les bus circuleront toutes les 20 minutes aux heures de pointe en semaine.\u00a0<\/p>\n<p>Bato, tram D, ScoDi\u2026<\/p>\n<p class=\" wall-content\">La ligne 3 du <a href=\"https:\/\/actu.fr\/nouvelle-aquitaine\/bordeaux_33063\/avec-la-modification-des-lignes-du-bato-a-bordeaux-ces-habitants-se-sentent-oublies-et-meprises_61862979.html\" rel=\"nofollow noopener\" target=\"_blank\">Bato<\/a> ajoute<strong> le ponton Belv\u00e9d\u00e8re<\/strong> sur son trajet entre la Benauge et le Port de B\u00e8gles.<\/p>\n<p class=\" wall-content\">Les <strong>fr\u00e9quences ou amplitudes<\/strong> sont modifi\u00e9es sur la ligne de tram D et les lignes de bus 30, 37, 75, 81, 84 et 85.\u00a0<\/p>\n<p class=\" wall-content\">Le <strong>service ScoDi,<\/strong> transport scolaire des coll\u00e9giens et lyc\u00e9ens accessible sur inscription, se dote d\u2019une nouvelle ligne. La s54 est cr\u00e9\u00e9e depuis et vers les coll\u00e8ges Monjous et A. Mauguin \u00e0 Gradignan. Cependant, les lignes ScoDi s32 et ScoDi s57 sont supprim\u00e9es \u00ab\u00a0en raison d\u2019une fr\u00e9quentation tr\u00e8s faible\u00a0\u00bb.\u00a0<\/p>\n<p class=\" wall-content\"><strong>\u00ab\u00a0L\u2019exp\u00e9rimentation tarifaire<\/strong> <a href=\"https:\/\/www.infotbm.com\/fr\/modes-alternatifs\/transport-la-demande-tbm-flex.html\" rel=\"nofollow noopener\" target=\"_blank\">de flex\u2019A\u00c9RO<\/a> au prix TBM est poursuivie jusqu\u2019\u00e0 fin novembre 2025\u00a0\u00bb, souligne TBM. Le service est accessible avec les tickets et abonnements TBM et sans surco\u00fbt.<\/p>\n<p class=\" wall-content\">\n<p class=\" wall-content\">Le <a href=\"https:\/\/tbm2025.infotbm.com\/\" rel=\"nofollow noopener\" target=\"_blank\">site TBM2025,<\/a> mis en place pour aider les usagers \u00e0 braver les travaux de l\u2019\u00e9t\u00e9, va continuer d\u2019informer les voyageurs. Il doit permettre de <strong>calculer les itin\u00e9raires<\/strong> et d\u00e9couvrir les \u00e9volutions du 1er septembre et d\u2019anticiper celles de la fin de l\u2019ann\u00e9e.<\/p>\n<p class=\" wall-content\">Les prochains changements majeurs sur le r\u00e9seau TBM interviendront <strong>le 6 d\u00e9cembre,<\/strong> avec la mise en route <a href=\"https:\/\/actu.fr\/nouvelle-aquitaine\/bordeaux_33063\/tbm-deux-nouvelles-lignes-de-tramway-bientot-mises-en-service-a-bordeaux_62120782.html\" rel=\"nofollow noopener\" target=\"_blank\">des lignes de tram E et F,<\/a> ainsi que du bus express H et l\u2019adaptation de plusieurs lignes de bus.\u00a0<\/p>\n<p class=\" wall-content\">Personnalisez votre actualit\u00e9 en ajoutant vos villes et m\u00e9dias en favori avec <a href=\"https:\/\/moncompte.actu.fr\" title=\"D\u00e9couvez Mon Actu\" rel=\"nofollow noopener\" data-trk=\"{&quot;cta&quot;:{&quot;action&quot;:&quot;https:\\\/\\\/moncompte.actu.fr&quot;,&quot;category&quot;:&quot;mon compte&quot;,&quot;from&quot;:&quot;article footer&quot;,&quot;name&quot;:&quot;Mon actu&quot;,&quot;type&quot;:&quot;cta&quot;}}\" target=\"_blank\">Mon Actu<\/a>.<\/p>\n","protected":false},"excerpt":{"rendered":"Par Juliette Cardinale Publi\u00e9 le 29 ao\u00fbt 2025 \u00e0 11h58 Apr\u00e8s trois mois de travaux intenses, le chantier&hellip;\n","protected":false},"author":2,"featured_media":8341,"comment_status":"","ping_status":"","sticky":false,"template":"","format":"standard","meta":{"footnotes":""},"categories":[2817],"tags":[1111,11,1997,2904,1777,674,1011,27,12,2219,25,104,7952,2803],"class_list":{"0":"post-351843","1":"post","2":"type-post","3":"status-publish","4":"format-standard","5":"has-post-thumbnail","7":"category-bordeaux","8":"tag-actu","9":"tag-actualites","10":"tag-bordeaux","11":"tag-bordeaux-metropole","12":"tag-eu","13":"tag-europe","14":"tag-fr","15":"tag-france","16":"tag-news","17":"tag-nouvelle-aquitaine","18":"tag-republique-francaise","19":"tag-societe","20":"tag-tbm","21":"tag-transport"},"share_on_mastodon":{"url":"https:\/\/pubeurope.com\/@fr\/115111546518628211","error":""},"_links":{"self":[{"href":"https:\/\/www.europesays.com\/fr\/wp-json\/wp\/v2\/posts\/351843","targetHints":{"allow":["GET"]}}],"collection":[{"href":"https:\/\/www.europesays.com\/fr\/wp-json\/wp\/v2\/posts"}],"about":[{"href":"https:\/\/www.europesays.com\/fr\/wp-json\/wp\/v2\/types\/post"}],"author":[{"embeddable":true,"href":"https:\/\/www.europesays.com\/fr\/wp-json\/wp\/v2\/users\/2"}],"replies":[{"embeddable":true,"href":"https:\/\/www.europesays.com\/fr\/wp-json\/wp\/v2\/comments?post=351843"}],"version-history":[{"count":0,"href":"https:\/\/www.europesays.com\/fr\/wp-json\/wp\/v2\/posts\/351843\/revisions"}],"wp:featuredmedia":[{"embeddable":true,"href":"https:\/\/www.europesays.com\/fr\/wp-json\/wp\/v2\/media\/8341"}],"wp:attachment":[{"href":"https:\/\/www.europesays.com\/fr\/wp-json\/wp\/v2\/media?parent=351843"}],"wp:term":[{"taxonomy":"category","embeddable":true,"href":"https:\/\/www.europesays.com\/fr\/wp-json\/wp\/v2\/categories?post=351843"},{"taxonomy":"post_tag","embeddable":true,"href":"https:\/\/www.europesays.com\/fr\/wp-json\/wp\/v2\/tags?post=351843"}],"curies":[{"name":"wp","href":"https:\/\/api.w.org\/{rel}","templated":true}]}}