{"id":351848,"date":"2025-08-29T10:21:18","date_gmt":"2025-08-29T10:21:18","guid":{"rendered":"https:\/\/www.europesays.com\/fr\/351848\/"},"modified":"2025-08-29T10:21:18","modified_gmt":"2025-08-29T10:21:18","slug":"domaines-skiables-de-france-donne-rendez-vous-a-toulouse-en-octobre","status":"publish","type":"post","link":"https:\/\/www.europesays.com\/fr\/351848\/","title":{"rendered":"Domaines Skiables de France donne rendez-vous \u00e0 Toulouse en octobre"},"content":{"rendered":"<p>\t\t\t\t <a href=\"https:\/\/www.tourmag.com\/javascript:void(0)\" rel=\"https:\/\/www.europesays.com\/fr\/wp-content\/uploads\/2025\/08\/90714487-63920079.jpg&amp;ibox nofollow noopener\" title=\"Pr\u00e8s de 800 professionnels de la montagne se retrouveront \u00e0 Toulouse les 2 et 3 octobre 2025, pour le congr\u00e8s des Domaines Skiables de France - Depositphotos.com, @leonid_tit\" target=\"_blank\"><img decoding=\"async\" class=\"responsive\" style=\"display:none\" src=\"https:\/\/www.europesays.com\/fr\/wp-content\/uploads\/2025\/08\/90714487-63920079.jpg\" alt=\"Pr\u00e8s de 800 professionnels de la montagne se retrouveront \u00e0 Toulouse les 2 et 3 octobre 2025, pour le congr\u00e8s des Domaines Skiables de France - Depositphotos.com, @leonid_tit\" title=\"Pr\u00e8s de 800 professionnels de la montagne se retrouveront \u00e0 Toulouse les 2 et 3 octobre 2025, pour le congr\u00e8s des Domaines Skiables de France - Depositphotos.com, @leonid_tit\" \/><br \/>\n<img decoding=\"async\" class=\"not-responsive\" src=\"https:\/\/www.europesays.com\/fr\/wp-content\/uploads\/2025\/08\/1756462878_697_90714487-63920079.jpg\" alt=\"Pr\u00e8s de 800 professionnels de la montagne se retrouveront \u00e0 Toulouse les 2 et 3 octobre 2025, pour le congr\u00e8s des Domaines Skiables de France - Depositphotos.com, @leonid_tit\" title=\"Pr\u00e8s de 800 professionnels de la montagne se retrouveront \u00e0 Toulouse les 2 et 3 octobre 2025, pour le congr\u00e8s des Domaines Skiables de France - Depositphotos.com, @leonid_tit\" width=\"672\" \/><\/a><\/p>\n<p>\n\t\t\t\t\t Pr\u00e8s de 800 professionnels de la montagne se retrouveront \u00e0 Toulouse les 2 et 3 octobre 2025, pour le congr\u00e8s des Domaines Skiables de France &#8211; Depositphotos.com, @leonid_tit\n\t\t\t\t <\/p>\n<p>\t\t\t\t\t Le rendez-vous phare de la fili\u00e8re montagne, organis\u00e9 par <a class=\"liens\" href=\"https:\/\/www.tourmag.com\/Anne-Marty-est-elue-presidente-de-Domaines-Skiables-de-France_a124246.html\" target=\"_blank\" rel=\"nofollow noopener\">Domaines Skiables de France<\/a> (DSF), se d\u00e9roulera cette ann\u00e9e au <b>Stade Toulousain<\/b> (Ernest-Wallon), les jeudi 2 et vendredi 3 octobre 2025. <\/p>\n<p>Pr\u00e8s de 800 participants sont attendus : exploitants de domaines skiables venus de tous les massifs fran\u00e7ais, fournisseurs, partenaires, repr\u00e9sentants institutionnels, \u00e9lus et acteurs du tourisme.&#13;\t\t\t\t\t <\/p>\n<p>Pendant deux jours, tables rondes, \u00e9changes et rencontres rythmeront le congr\u00e8s autour des grands enjeux du secteur. &#13;\t\t\t\t\t <\/p>\n<p>Trois th\u00e9matiques majeures seront abord\u00e9es lors de conf\u00e9rences : <b>tourisme sportif et grands \u00e9v\u00e8nements, solidarit\u00e9 et s\u00e9curit\u00e9.<\/b>\n\t\t\t\t <\/p>\n","protected":false},"excerpt":{"rendered":"Pr\u00e8s de 800 professionnels de la montagne se retrouveront \u00e0 Toulouse les 2 et 3 octobre 2025, pour&hellip;\n","protected":false},"author":2,"featured_media":351849,"comment_status":"","ping_status":"","sticky":false,"template":"","format":"standard","meta":{"footnotes":""},"categories":[2816],"tags":[1111,11,48847,1777,674,1011,27,12,2680,25,476,2312],"class_list":{"0":"post-351848","1":"post","2":"type-post","3":"status-publish","4":"format-standard","5":"has-post-thumbnail","7":"category-toulouse","8":"tag-actu","9":"tag-actualites","10":"tag-domaine-skiables-de-france","11":"tag-eu","12":"tag-europe","13":"tag-fr","14":"tag-france","15":"tag-news","16":"tag-occitanie","17":"tag-republique-francaise","18":"tag-stade-toulousain","19":"tag-toulouse"},"share_on_mastodon":{"url":"https:\/\/pubeurope.com\/@fr\/115111558248979786","error":""},"_links":{"self":[{"href":"https:\/\/www.europesays.com\/fr\/wp-json\/wp\/v2\/posts\/351848","targetHints":{"allow":["GET"]}}],"collection":[{"href":"https:\/\/www.europesays.com\/fr\/wp-json\/wp\/v2\/posts"}],"about":[{"href":"https:\/\/www.europesays.com\/fr\/wp-json\/wp\/v2\/types\/post"}],"author":[{"embeddable":true,"href":"https:\/\/www.europesays.com\/fr\/wp-json\/wp\/v2\/users\/2"}],"replies":[{"embeddable":true,"href":"https:\/\/www.europesays.com\/fr\/wp-json\/wp\/v2\/comments?post=351848"}],"version-history":[{"count":0,"href":"https:\/\/www.europesays.com\/fr\/wp-json\/wp\/v2\/posts\/351848\/revisions"}],"wp:featuredmedia":[{"embeddable":true,"href":"https:\/\/www.europesays.com\/fr\/wp-json\/wp\/v2\/media\/351849"}],"wp:attachment":[{"href":"https:\/\/www.europesays.com\/fr\/wp-json\/wp\/v2\/media?parent=351848"}],"wp:term":[{"taxonomy":"category","embeddable":true,"href":"https:\/\/www.europesays.com\/fr\/wp-json\/wp\/v2\/categories?post=351848"},{"taxonomy":"post_tag","embeddable":true,"href":"https:\/\/www.europesays.com\/fr\/wp-json\/wp\/v2\/tags?post=351848"}],"curies":[{"name":"wp","href":"https:\/\/api.w.org\/{rel}","templated":true}]}}