{"id":35185,"date":"2025-04-19T00:14:25","date_gmt":"2025-04-19T00:14:25","guid":{"rendered":"https:\/\/www.europesays.com\/fr\/35185\/"},"modified":"2025-04-19T00:14:25","modified_gmt":"2025-04-19T00:14:25","slug":"la-27eme-edition-de-la-fete-de-la-librairie-independante-approche","status":"publish","type":"post","link":"https:\/\/www.europesays.com\/fr\/35185\/","title":{"rendered":"la 27\u00e8me \u00e9dition de la f\u00eate de la librairie ind\u00e9pendante approche"},"content":{"rendered":"<p>Le samedi 26 avril,\u00a0la\u00a027\u1d49 \u00e9dition\u00a0de\u00a0la\u00a0F\u00eate\u00a0de\u00a0la\u00a0librairie\u00a0ind\u00e9pendante\u00a0sera c\u00e9l\u00e9br\u00e9e dans pr\u00e8s de 700\u00a0librairies partout en France, en Belgique, en Suisse et au Luxembourg. Cet h\u00e9ritage catalan est c\u00e9l\u00e9br\u00e9 \u00e0 la saint Jordi, journ\u00e9e mondiale du livre et des droits d\u2019auteur. \u00ab\u00a0Ce jour-l\u00e0, nous distribuons un cadeau et une rose. Cette fois-ci, le th\u00e8me est l\u2019au-del\u00e0\u00a0\u00bb, explique Nathalie Guyard. Il y a trois ans, \u00e0 la suite d\u2019une reconversion professionnelle, elle ouvre <a href=\"https:\/\/www.instagram.com\/librairienati\/\" target=\"_blank\" rel=\"noopener\">sa librairie Nati<\/a>, un espace de 50m2, rempli de livres, sur des \u00e9tag\u00e8res en bois et habill\u00e9 de plantes. \u00ab\u00a0Quand un livre vous correspond, il peut vous ouvrir une porte <a href=\"https:\/\/www.airzen.fr\/drome-elisabeth-a-ouvert-une-librairie-ambulante\/\" target=\"_blank\" rel=\"noopener\">vers un monde totalement nouveau<\/a>\u00a0\u00bb, poursuit-elle.<\/p>\n<p>Chaque ann\u00e9e, les libraires ind\u00e9pendantes offrent un cadeau et une rose<\/p>\n<p>? \u00bb ont \u00e9t\u00e9 tir\u00e9s \u00e0 26 000 exemplaires et envoy\u00e9s aux librairies participantes. Ils seront offerts \u00e0 chaque client qui pousse les portes d\u2019une des librairies participant \u00e0 l\u2019\u00e9v\u00e8nement. Nathalie le pr\u00e9cise \u201cnous travaillons sur catalogue, maison par maison. C\u2019est-\u00e0-dire que nous choisissons ce que nous mettons et ne mettons pas dans nos librairies. On travaille en totale ind\u00e9pendance, \u00e0 nos risques et p\u00e9rils d\u2019ailleurs\u201d. Pour cette nouvelle \u00e9dition, La F\u00eate de la Librairie ind\u00e9pendante appelle \u00e0 s\u2019interroger sur les raisons pour lesquelles les librairies ne sont pas des commerces comme les autres.<\/p>\n<p>\t\t\t\t<script async src=\"\/\/www.instagram.com\/embed.js\"><\/script><\/p>\n","protected":false},"excerpt":{"rendered":"Le samedi 26 avril,\u00a0la\u00a027\u1d49 \u00e9dition\u00a0de\u00a0la\u00a0F\u00eate\u00a0de\u00a0la\u00a0librairie\u00a0ind\u00e9pendante\u00a0sera c\u00e9l\u00e9br\u00e9e dans pr\u00e8s de 700\u00a0librairies partout en France, en Belgique, en Suisse et&hellip;\n","protected":false},"author":2,"featured_media":35186,"comment_status":"","ping_status":"","sticky":false,"template":"","format":"standard","meta":{"footnotes":""},"categories":[1357],"tags":[1379,58,59,1011,27,1380,6293],"class_list":{"0":"post-35185","1":"post","2":"type-post","3":"status-publish","4":"format-standard","5":"has-post-thumbnail","7":"category-livres","8":"tag-books","9":"tag-divertissement","10":"tag-entertainment","11":"tag-fr","12":"tag-france","13":"tag-livres","14":"tag-mieux-agir"},"share_on_mastodon":{"url":"https:\/\/pubeurope.com\/@fr\/114361746344991683","error":""},"_links":{"self":[{"href":"https:\/\/www.europesays.com\/fr\/wp-json\/wp\/v2\/posts\/35185","targetHints":{"allow":["GET"]}}],"collection":[{"href":"https:\/\/www.europesays.com\/fr\/wp-json\/wp\/v2\/posts"}],"about":[{"href":"https:\/\/www.europesays.com\/fr\/wp-json\/wp\/v2\/types\/post"}],"author":[{"embeddable":true,"href":"https:\/\/www.europesays.com\/fr\/wp-json\/wp\/v2\/users\/2"}],"replies":[{"embeddable":true,"href":"https:\/\/www.europesays.com\/fr\/wp-json\/wp\/v2\/comments?post=35185"}],"version-history":[{"count":0,"href":"https:\/\/www.europesays.com\/fr\/wp-json\/wp\/v2\/posts\/35185\/revisions"}],"wp:featuredmedia":[{"embeddable":true,"href":"https:\/\/www.europesays.com\/fr\/wp-json\/wp\/v2\/media\/35186"}],"wp:attachment":[{"href":"https:\/\/www.europesays.com\/fr\/wp-json\/wp\/v2\/media?parent=35185"}],"wp:term":[{"taxonomy":"category","embeddable":true,"href":"https:\/\/www.europesays.com\/fr\/wp-json\/wp\/v2\/categories?post=35185"},{"taxonomy":"post_tag","embeddable":true,"href":"https:\/\/www.europesays.com\/fr\/wp-json\/wp\/v2\/tags?post=35185"}],"curies":[{"name":"wp","href":"https:\/\/api.w.org\/{rel}","templated":true}]}}