{"id":351854,"date":"2025-08-29T10:24:12","date_gmt":"2025-08-29T10:24:12","guid":{"rendered":"https:\/\/www.europesays.com\/fr\/351854\/"},"modified":"2025-08-29T10:24:12","modified_gmt":"2025-08-29T10:24:12","slug":"mobilite-de-nombreuses-nouveautes-en-cette-rentree","status":"publish","type":"post","link":"https:\/\/www.europesays.com\/fr\/351854\/","title":{"rendered":"Mobilit\u00e9 : de nombreuses nouveaut\u00e9s en cette rentr\u00e9e !"},"content":{"rendered":"<p style=\"text-align: left;\"><strong>Bus \u00e0 haut niveau de service B3<\/strong><\/p>\n<p style=\"text-align: left;\">Les lignes B3A et B3B fusionnent pour devenir la nouvelle ligne B3 Saint-J\u00e9r\u00f4me parking relais  Technop\u00f4le de Ch\u00e2teau-Gombert. Cette nouvelle ligne passe par les p\u00f4les d\u2019\u00e9changes multimodaux de Frais Vallon et de La Rose, et circule de 4h30 (5h30 le dimanche) \u00e0 1h du matin.<\/p>\n<p style=\"text-align: left;\"><strong>Bus \u00e0 haut niveau de service B4<\/strong><\/p>\n<p style=\"text-align: left;\">Le B4 est un nouvel axe structurant au nord de Marseille avec, \u00e0 terme, pr\u00e8s de 25\u00a0000 voyageurs par jour, ce qui en fera la ligne la plus fr\u00e9quent\u00e9e du r\u00e9seau RTM. Il relie les p\u00f4les d\u2019\u00e9changes multimodaux G\u00e8ze, Picon Busserine, Frais Vallon et La Fourrag\u00e8re. Ce bus circule principalement sur des voies r\u00e9serv\u00e9es aux bus et emprunte l\u2019autoroute A507 (rocade L2) entre Frais Vallon et La Fourrag\u00e8re.<\/p>\n<p style=\"text-align: left;\"><strong>Bus \u00e0 haut niveau de service B5<\/strong><\/p>\n<p style=\"text-align: left;\">Depuis La Fourrag\u00e8re, la nouvelle ligne B5 dessert le centre commercial Saint-Loup, le lyc\u00e9e Jean Perrin, puis emprunte les voies r\u00e9serv\u00e9es aux bus des boulevards Urbain Sud et de la Gaye. Elle emprunte l\u2019autoroute A507 (L2) entre La Fourrag\u00e8re et Saint-Loup, et circule de 5h30 (6h30 le dimanche) \u00e0 21h.<\/p>\n<p style=\"text-align: left;\"><strong>Bus \u00e0 haut niveau de service Aubagne-G\u00e9menos<\/strong><\/p>\n<p style=\"text-align: left;\">Long de 6,5 km, dont 3 km en site propre, le trac\u00e9 relie la gare d\u2019Aubagne au parc d\u2019activit\u00e9s de G\u00e9menos, avec 12 stations toutes accessibles aux personnes \u00e0 mobilit\u00e9 r\u00e9duite. Ce bus+ dessert notamment le p\u00f4le d\u2019\u00e9changes multimodal (PEM) de la gare d\u2019Aubagne, les zones d\u2019activit\u00e9s de Camp de Sarlier et des Paluds, la zone commerciale de la Martelle ainsi que le parc d\u2019activit\u00e9s Plaine de Jouques.<\/p>\n","protected":false},"excerpt":{"rendered":"Bus \u00e0 haut niveau de service B3 Les lignes B3A et B3B fusionnent pour devenir la nouvelle ligne&hellip;\n","protected":false},"author":2,"featured_media":351855,"comment_status":"","ping_status":"","sticky":false,"template":"","format":"standard","meta":{"footnotes":""},"categories":[2814],"tags":[1111,11,1777,674,1011,27,884,2800,12,882,25],"class_list":{"0":"post-351854","1":"post","2":"type-post","3":"status-publish","4":"format-standard","5":"has-post-thumbnail","7":"category-marseille","8":"tag-actu","9":"tag-actualites","10":"tag-eu","11":"tag-europe","12":"tag-fr","13":"tag-france","14":"tag-marseille","15":"tag-metropole","16":"tag-news","17":"tag-provence-alpes-cote-dazur","18":"tag-republique-francaise"},"share_on_mastodon":{"url":"https:\/\/pubeurope.com\/@fr\/115111570066269284","error":""},"_links":{"self":[{"href":"https:\/\/www.europesays.com\/fr\/wp-json\/wp\/v2\/posts\/351854","targetHints":{"allow":["GET"]}}],"collection":[{"href":"https:\/\/www.europesays.com\/fr\/wp-json\/wp\/v2\/posts"}],"about":[{"href":"https:\/\/www.europesays.com\/fr\/wp-json\/wp\/v2\/types\/post"}],"author":[{"embeddable":true,"href":"https:\/\/www.europesays.com\/fr\/wp-json\/wp\/v2\/users\/2"}],"replies":[{"embeddable":true,"href":"https:\/\/www.europesays.com\/fr\/wp-json\/wp\/v2\/comments?post=351854"}],"version-history":[{"count":0,"href":"https:\/\/www.europesays.com\/fr\/wp-json\/wp\/v2\/posts\/351854\/revisions"}],"wp:featuredmedia":[{"embeddable":true,"href":"https:\/\/www.europesays.com\/fr\/wp-json\/wp\/v2\/media\/351855"}],"wp:attachment":[{"href":"https:\/\/www.europesays.com\/fr\/wp-json\/wp\/v2\/media?parent=351854"}],"wp:term":[{"taxonomy":"category","embeddable":true,"href":"https:\/\/www.europesays.com\/fr\/wp-json\/wp\/v2\/categories?post=351854"},{"taxonomy":"post_tag","embeddable":true,"href":"https:\/\/www.europesays.com\/fr\/wp-json\/wp\/v2\/tags?post=351854"}],"curies":[{"name":"wp","href":"https:\/\/api.w.org\/{rel}","templated":true}]}}