{"id":351856,"date":"2025-08-29T10:25:09","date_gmt":"2025-08-29T10:25:09","guid":{"rendered":"https:\/\/www.europesays.com\/fr\/351856\/"},"modified":"2025-08-29T10:25:09","modified_gmt":"2025-08-29T10:25:09","slug":"accident-a-marseille-un-mineur-a-deux-roues-meurt-sur-la-route-en-pleine-nuit","status":"publish","type":"post","link":"https:\/\/www.europesays.com\/fr\/351856\/","title":{"rendered":"Accident \u00e0 Marseille. Un mineur \u00e0 deux-roues meurt sur la route en pleine nuit"},"content":{"rendered":"<p>            Par<br \/>\n        <strong><br \/>\n            <a href=\"https:\/\/actu.fr\/auteur\/fabien-binacchi\" title=\"Consulter tous les articles de Fabien Binacchi\" target=\"_blank\" rel=\"noopener\">Fabien Binacchi<\/a><br \/>\n        <\/strong><\/p>\n<p>        Publi\u00e9 le<\/p>\n<p>            29 ao\u00fbt 2025 \u00e0 12h13        <\/p>\n<p>Un choc fatal sur les coups de minuit. Ce vendredi 29\u00a0ao\u00fbt 2025, dans le 11e arrondissement de <a href=\"https:\/\/actu.fr\/marseille\/\" target=\"_blank\" rel=\"noopener\">Marseille<\/a>, <strong>un adolescent de 17\u00a0ans<\/strong> \u00e0 deux-roues est mort dans une collision avec une voiture, apprend-on <a href=\"https:\/\/actu.fr\/tag\/marin-pompier\" target=\"_blank\" rel=\"noopener\">des marins-pompiers<\/a>, confirmant une information de <a href=\"https:\/\/www.laprovence.com\/article\/faits-divers-justice\/3619685749045314\/un-motocycliste-de-17-ans-trouve-la-mort-dans-une-collision-aux-camoins-a-marseille\" target=\"_blank\" rel=\"noopener\">La Provence<\/a>.<\/p>\n<p>Les secours n\u2019ont rien pu faire<\/p>\n<p class=\" wall-content\">Il \u00e9tait un peu moins de 00h30 quand l\u2019alerte est arriv\u00e9e jusqu\u2019au bataillon des marins-pompiers de Marseille. <strong>Route des Camoins,<\/strong> dans le quartier de <a href=\"https:\/\/actu.fr\/tag\/la-valentine\" target=\"_blank\" rel=\"noopener\">La Valentine<\/a>, \u00e0 l\u2019est de Marseille, un tr\u00e8s grave <a href=\"https:\/\/actu.fr\/tag\/accident\" target=\"_blank\" rel=\"noopener\">accident<\/a> vient d\u2019avoir lieu.<\/p>\n<p>    <a href=\"https:\/\/www.google.com\/maps\/embed?pb=!1m18!1m12!1m3!1d3130.609866316956!2d5.496462311964394!3d43.298471471000646!2m3!1f0!2f0!3f0!3m2!1i1024!2i768!4f13.1!3m3!1m2!1s0x12c9bc3eebdb24e5%3A0xeedc9e35806cfdfb!2sRte%20des%20Camoins%2C%2013011%20Marseille!5e1!3m2!1sfr!2sfr!4v1756458499307!5m2!1sfr!2sfr\" title=\"Ouvrie le lien\" target=\"_blank\" rel=\"noopener\">Cliquez ici pour visualiser le contenu<\/a><\/p>\n<p class=\" wall-content\">Il implique un jeune homme de 17\u00a0ans \u00e0 deux-roues et une conductrice de 21\u00a0ans en voiture. Le mineur est <strong>en arr\u00eat cardiorespiratoire.<\/strong> Les secours n\u2019ont rien pu faire.<\/p>\n<p>Une figure et un d\u00e9passement\u2009?<\/p>\n<p class=\" wall-content\">Selon les informations de La Provence, Les premiers \u00e9l\u00e9ments de l\u2019enqu\u00eate indiqueraient que l\u2019adolescent \u00e9tait en train de <strong>r\u00e9aliser une figure acrobatique avec son motocycle<\/strong> alors que l\u2019automobiliste, en face, \u00e9tait en plein d\u00e9passement.<\/p>\n<p class=\" wall-content\">La jeune femme, <strong>choqu\u00e9e, mais pas bless\u00e9e,<\/strong> a \u00e9t\u00e9 transport\u00e9e \u00e0 l\u2019h\u00f4pital.<\/p>\n<p class=\" wall-content\">Une enqu\u00eate devrait permettre de d\u00e9terminer les circonstances exactes de cet accident.<\/p>\n<p class=\" wall-content\">Personnalisez votre actualit\u00e9 en ajoutant vos villes et m\u00e9dias en favori avec <a href=\"https:\/\/moncompte.actu.fr\" title=\"D\u00e9couvez Mon Actu\" rel=\"nofollow noopener\" data-trk=\"{&quot;cta&quot;:{&quot;action&quot;:&quot;https:\\\/\\\/moncompte.actu.fr&quot;,&quot;category&quot;:&quot;mon compte&quot;,&quot;from&quot;:&quot;article footer&quot;,&quot;name&quot;:&quot;Mon actu&quot;,&quot;type&quot;:&quot;cta&quot;}}\" target=\"_blank\">Mon Actu<\/a>.<\/p>\n","protected":false},"excerpt":{"rendered":"Par Fabien Binacchi Publi\u00e9 le 29 ao\u00fbt 2025 \u00e0 12h13 Un choc fatal sur les coups de minuit.&hellip;\n","protected":false},"author":2,"featured_media":276145,"comment_status":"","ping_status":"","sticky":false,"template":"","format":"standard","meta":{"footnotes":""},"categories":[2814],"tags":[119,1111,11,1777,674,118,1011,27,17289,884,12,1072,882,25],"class_list":{"0":"post-351856","1":"post","2":"type-post","3":"status-publish","4":"format-standard","5":"has-post-thumbnail","7":"category-marseille","8":"tag-accident","9":"tag-actu","10":"tag-actualites","11":"tag-eu","12":"tag-europe","13":"tag-faits-divers","14":"tag-fr","15":"tag-france","16":"tag-marin-pompier","17":"tag-marseille","18":"tag-news","19":"tag-police","20":"tag-provence-alpes-cote-dazur","21":"tag-republique-francaise"},"share_on_mastodon":{"url":"https:\/\/pubeurope.com\/@fr\/115111574324485369","error":""},"_links":{"self":[{"href":"https:\/\/www.europesays.com\/fr\/wp-json\/wp\/v2\/posts\/351856","targetHints":{"allow":["GET"]}}],"collection":[{"href":"https:\/\/www.europesays.com\/fr\/wp-json\/wp\/v2\/posts"}],"about":[{"href":"https:\/\/www.europesays.com\/fr\/wp-json\/wp\/v2\/types\/post"}],"author":[{"embeddable":true,"href":"https:\/\/www.europesays.com\/fr\/wp-json\/wp\/v2\/users\/2"}],"replies":[{"embeddable":true,"href":"https:\/\/www.europesays.com\/fr\/wp-json\/wp\/v2\/comments?post=351856"}],"version-history":[{"count":0,"href":"https:\/\/www.europesays.com\/fr\/wp-json\/wp\/v2\/posts\/351856\/revisions"}],"wp:featuredmedia":[{"embeddable":true,"href":"https:\/\/www.europesays.com\/fr\/wp-json\/wp\/v2\/media\/276145"}],"wp:attachment":[{"href":"https:\/\/www.europesays.com\/fr\/wp-json\/wp\/v2\/media?parent=351856"}],"wp:term":[{"taxonomy":"category","embeddable":true,"href":"https:\/\/www.europesays.com\/fr\/wp-json\/wp\/v2\/categories?post=351856"},{"taxonomy":"post_tag","embeddable":true,"href":"https:\/\/www.europesays.com\/fr\/wp-json\/wp\/v2\/tags?post=351856"}],"curies":[{"name":"wp","href":"https:\/\/api.w.org\/{rel}","templated":true}]}}