{"id":351857,"date":"2025-08-29T10:26:20","date_gmt":"2025-08-29T10:26:20","guid":{"rendered":"https:\/\/www.europesays.com\/fr\/351857\/"},"modified":"2025-08-29T10:26:20","modified_gmt":"2025-08-29T10:26:20","slug":"un-chantier-bas-carbone-experimente-a-la-part-dieu","status":"publish","type":"post","link":"https:\/\/www.europesays.com\/fr\/351857\/","title":{"rendered":"Un chantier bas-carbone exp\u00e9riment\u00e9 \u00e0 la Part-Dieu"},"content":{"rendered":"<p>Une tranch\u00e9e, quelques monticules de gravats bach\u00e9s, une pelle \u00e9lectrique moins bruyante\u2026 bienvenue sur le chantier de demain exp\u00e9riment\u00e9 aux portes du centre commercial de la Part-Dieu !<\/p>\n<p>Les <strong>chantiers sur la voie publique<\/strong> sont omnipr\u00e9sents sur la <strong><a href=\"https:\/\/www.grandlyon.com\/mes-services-au-quotidien\/sinformer-sur-les-projets-urbains-dans-la-metropole\" target=\"_blank\" rel=\"noreferrer noopener\">M\u00e9tropole de Lyon<\/a><\/strong>. Ici pour construire un tramway, ailleurs pour dessiner une voie Lyonnaise\u2026 Ou \u00e0 la Part-Dieu pour remettre \u00e0 niveau des cables \u00e9lectriques enterr\u00e9s. C\u2019est pr\u00e9cis\u00e9ment ici boulevard Eug\u00e8ne Deruelle qu\u2019un chantier bas-carbone a \u00e9t\u00e9 exp\u00e9riment\u00e9 cet \u00e9t\u00e9.<\/p>\n<p>La M\u00e9tropole cherche \u00e0 <strong>limiter l\u2019impact de ces chantiers<\/strong>. Elle a exp\u00e9riment\u00e9 un <strong>chantier bas carbone<\/strong> boulevard Eugene Deruelle. Nous avons rencontr\u00e9 <strong>Philippe Guelpa-Bonaro<\/strong>, vice-pr\u00e9sident de la<strong> M\u00e9tropole de Lyon<\/strong>, d\u00e9l\u00e9gu\u00e9 \u00e0 l\u2019<strong>Energie<\/strong> et au <strong>Climat<\/strong>. <\/p>\n<p>Ecoutez aussi : <a href=\"https:\/\/www.lyondemain.fr\/engins-de-chantier-decarbonation-btp-hydrogene-retrofit-electrique\/\" target=\"_blank\" rel=\"noreferrer noopener\">Engins de chantier : la d\u00e9carbonation du BTP est en route<\/a><\/p>\n<p><img loading=\"lazy\" decoding=\"async\" width=\"1200\" height=\"675\" src=\"https:\/\/www.europesays.com\/fr\/wp-content\/uploads\/2025\/08\/chantier-bas-carbone-stockage-des-gravats.jpg\" alt=\"chantier bas-carbone\" class=\"wp-image-251296\"  \/>chantier avec stockage des gravats<\/p>\n<p>Chantier bas carbone : \u00e9conomie financi\u00e8re et environnementale<\/p>\n<p>\u00ab\u00a0L\u00e0, on stocke les terres excav\u00e9es sur site pour les remettre apr\u00e8s. Donc \u00e7a fait beaucoup <strong>moins de rotation de camions<\/strong>. On va faire l<strong>\u2018enrob\u00e9 d\u00e9finitif du premier coup<\/strong>, alors que d\u2019habitude on fait un renrob\u00e9 temporaire et puis quelques semaines apr\u00e8s, les services de la M\u00e9tropole viennent faire le d\u00e9finitif. Donc on a une <strong>\u00e9conomie financi\u00e8re et aussi environnementale<\/strong> non n\u00e9gligeable. Et puis on utilise une<strong> pelle \u00e9lectrique<\/strong> qui permet de d\u00e9crouter et d\u2019enlever et de creuser la tranch\u00e9e. Et une pelle \u00e9lectrique c\u2019est beaucoup plus agr\u00e9able \u00e0 conduire pour les op\u00e9rateurs. \u00c7a fait beaucoup <strong>moins de bruit pour les voisins<\/strong> et puis \u00e7a \u00e9met beaucoup <strong>moins de gaz \u00e0 effet de serre<\/strong>\u00ab\u00a0.<\/p>\n<p>Ecoutez le podcast<\/p>\n<p>Chantier bas carbone<\/p>\n<p><img loading=\"lazy\" decoding=\"async\" width=\"1200\" height=\"675\" src=\"https:\/\/www.europesays.com\/fr\/wp-content\/uploads\/2025\/08\/chantier-bas-carbone-Philippe-Guelpa-Bonaro-Metropole-de-Lyon.jpg\" alt=\"chantier bas-carbone\" class=\"wp-image-251300\"  \/>Philippe Guelpa-Bonaro<\/p>\n<p>Apr\u00e8s la d\u00e9molition du b\u00e2timent existant de l\u2019ancienne Caisse d\u2019Epargne boulevard Eug\u00e8ne Deruelle, est venu le temps de la reconstruction sur cet emplacement strat\u00e9gique en plein c\u0153ur de la Part-Dieu, en face de la gare.<\/p>\n<p>Le <strong>programme immobilier<\/strong> qui sort de terre s\u2019appelle <strong><a href=\"https:\/\/www.cogedim.com\/auvergne-rhone-alpes\/rhone-69\/lyon\/ki-25245-1851154.html\" target=\"_blank\" rel=\"noreferrer noopener\">KI<\/a><\/strong>. K \u2013 I, deux petites lettes pour d\u00e9signer une offre mixte de <strong>commerces, bureaux et logements<\/strong>, accompagn\u00e9e d\u2019espaces ext\u00e9rieurs partag\u00e9s et v\u00e9g\u00e9talis\u00e9s.<\/p>\n<p>Cette nouvelle construction n\u00e9cessitait une <strong>mise \u00e0 niveau de l\u2019alimentation \u00e9lectrique<\/strong> vieillissante. Cons\u00e9quences : des travaux men\u00e9s cet \u00e9t\u00e9 sur la voie publique qui longe le centre commercial au nord. Une saign\u00e9e sur 500 m\u00e8tres de la voirie du <strong>boulevard Deruelle<\/strong> entre le boulevard Vivier-Merle et la rue Garibaldi.<\/p>\n<p>Ecoutez aussi : <a href=\"https:\/\/www.lyondemain.fr\/chantier-bas-carbone-villeurbanne-enedis\/\" target=\"_blank\" rel=\"noreferrer noopener\">Chantier bas carbone : ENEDIS et Serpollet montrent l\u2019exemple<\/a><\/p>\n<p><img loading=\"lazy\" decoding=\"async\" width=\"1200\" height=\"675\" src=\"https:\/\/www.europesays.com\/fr\/wp-content\/uploads\/2025\/08\/chantier-bas-carbone-Benoit-Bongard-COIRO.jpg\" alt=\"Benoit Bongard COIRO\" class=\"wp-image-251299\"  \/>Benoit Bongard <\/p>\n<p>D\u00e9ploiement de nouveaux c\u00e2bles \u00e9lectriques souterrains<\/p>\n<p>Des travaux dont les riverains se seraient bien pass\u00e9s\u2026 Mais <strong><a href=\"https:\/\/www.enedis.fr\/index\" target=\"_blank\" rel=\"noreferrer noopener\">Enedis<\/a><\/strong> a voulu en faire un <strong>chantier bas-carbone<\/strong> confi\u00e9 \u00e0 l\u2019entreprise <strong>Coiro<\/strong>. Une exp\u00e9rimentation que nous explique <strong>Benoit Bongard<\/strong>, chef de secteur chez <strong>Coiro<\/strong>. \u00ab\u00a0On a des c\u00e2bles qui \u00e9taient de technologie ancienne. Et pour se pr\u00e9munir de futurs d\u00e9fauts, on a pris l\u2019option de renouveler ces c\u00e2bles en parall\u00e8le. du <strong>d\u00e9ploiement de nouveaux c\u00e2bles<\/strong> pour le futur projet de construction qui est \u00e0 l\u2019angle de Vivier-Merle.<\/p>\n<blockquote class=\"instagram-media\" data-instgrm-captioned=\"\" data-instgrm-permalink=\"https:\/\/www.instagram.com\/reel\/DN22Z8j0Oq-\/?utm_source=ig_embed&amp;utm_campaign=loading\" data-instgrm-version=\"14\" style=\" background:#FFF; border:0; border-radius:3px; box-shadow:0 0 1px 0 rgba(0,0,0,0.5),0 1px 10px 0 rgba(0,0,0,0.15); margin: 1px; max-width:540px; min-width:326px; padding:0; width:99.375%; width:-webkit-calc(100% - 2px); width:calc(100% - 2px);\"\/>\n<p><strong>Enedis<\/strong> reconnait bien volontiers les limites de mise en \u0153uvre de ces\u00a0<strong>chantiers bas-carbone<\/strong>. Pour <strong>Adrien P\u00e9rez<\/strong>, responsable de projet chez <strong>Enedis<\/strong> : \u00ab\u00a0Il faut qu\u2019on ait quand m\u00eame une vision du mat\u00e9riau qu\u2019on va excaver. Il faut faire des sondages en amont et s\u2019assurer que le mat\u00e9riau est bon. Mais le test du mat\u00e9riau n\u2019est pas non plus une finalit\u00e9. On peut se retrouver avec des couches de mat\u00e9riau qui ne sont pas bonnes et donc du coup, on va utiliser que 20, 10, 30% du mat\u00e9riau.<\/p>\n<p>Ecoutez aussi : <a href=\"https:\/\/www.lyondemain.fr\/4-ehpad-lyon-renovation\/\" target=\"_blank\" rel=\"noreferrer noopener\">La Ville de Lyon a r\u00e9nov\u00e9 ses 4 EHPAD<\/a><\/p>\n<p><img loading=\"lazy\" decoding=\"async\" width=\"1200\" height=\"675\" src=\"https:\/\/www.europesays.com\/fr\/wp-content\/uploads\/2025\/08\/chantier-bas-carbone-Enedis-Adrien-Perez.jpg\" alt=\"chantier bas-carbone\" class=\"wp-image-251298\"  \/>Adrien Perez<\/p>\n<p>Des engins de chantier encore couteux, un investissement pour l\u2019avenir\u2026<\/p>\n<p>Une <strong>pelle \u00e9lectrique<\/strong> telle que celle utilis\u00e9e sur le chantier du boulevard Deruelle co\u00fbte environ 430 000 euros, contre 170 000 euros pour une pelle thermique. Le co\u00fbt \u00e0 payer pour la<strong> tranquillit\u00e9 des riverains<\/strong>. Sachant que ces prix devraient baisser dans les prochaines ann\u00e9es\u2026 si les entreprises sont plus nombreuses \u00e0 choisir ce type de mat\u00e9riel.<\/p>\n<p>Ecoutez aussi : <a href=\"https:\/\/www.lyondemain.fr\/halle-du-reemploi-solidaire-rillieux\/\" target=\"_blank\" rel=\"noreferrer noopener\">Halle du R\u00e9emploi : un lieu d\u00e9di\u00e9 \u00e0 l\u2019insertion et \u00e0 l\u2019environnement<\/a><\/p>\n<p><img loading=\"lazy\" decoding=\"async\" width=\"1200\" height=\"675\" src=\"https:\/\/www.europesays.com\/fr\/wp-content\/uploads\/2025\/08\/chantier-bas-carbone-Part-Dieu.jpg\" alt=\"Part-Dieu\" class=\"wp-image-251295\"  \/><br \/>\nJ\u2019aime \u00e7a\u00a0:<\/p>\n<p>J\u2019aime chargement\u2026<\/p>\n<p><a class=\"sd-link-color\"\/><\/p>\n<p>\n\tArticles similaires\n<\/p>\n<p>\t\t\t\t<img decoding=\"async\" src=\"https:\/\/www.europesays.com\/fr\/wp-content\/uploads\/2025\/08\/1756463180_284_7866158698e17e8ed633c05e8f8e7fe5d9e057ad78661c4dc34e413abb6b9f19\" alt=\"G\u00e9rald Bouchon\"\/><\/p>\n<p>Pionnier des radios libres, passionn\u00e9 de radio, journaliste et dirigeant de m\u00e9dias \u00e9co-responsables..<\/p>\n<p>\t\t\t<script async src=\"\/\/www.instagram.com\/embed.js\"><\/script><\/p>\n","protected":false},"excerpt":{"rendered":"Une tranch\u00e9e, quelques monticules de gravats bach\u00e9s, une pelle \u00e9lectrique moins bruyante\u2026 bienvenue sur le chantier de demain&hellip;\n","protected":false},"author":2,"featured_media":351858,"comment_status":"","ping_status":"","sticky":false,"template":"","format":"standard","meta":{"footnotes":""},"categories":[1889],"tags":[1111,11,2430,48848,48849,6130,48850,3674,48851,1777,674,1011,27,48852,48853,1116,2428,40544,10510,12,48854,6125,25,5343],"class_list":{"0":"post-351857","1":"post","2":"type-post","3":"status-publish","4":"format-standard","5":"has-post-thumbnail","7":"category-lyon","8":"tag-actu","9":"tag-actualites","10":"tag-auvergne-rhone-alpes","11":"tag-camion-electrique","12":"tag-chantier-bas-carbone","13":"tag-chantiers","14":"tag-coiro","15":"tag-enedis","16":"tag-engins-de-chantier","17":"tag-eu","18":"tag-europe","19":"tag-fr","20":"tag-france","21":"tag-gravats","22":"tag-guelpa-bonaro","23":"tag-immobilier","24":"tag-lyon","25":"tag-materiaux","26":"tag-metropole-de-lyon","27":"tag-news","28":"tag-organisation-de-chantiers","29":"tag-part-dieu","30":"tag-republique-francaise","31":"tag-travaux-publics"},"share_on_mastodon":{"url":"https:\/\/pubeurope.com\/@fr\/115111578679180993","error":""},"_links":{"self":[{"href":"https:\/\/www.europesays.com\/fr\/wp-json\/wp\/v2\/posts\/351857","targetHints":{"allow":["GET"]}}],"collection":[{"href":"https:\/\/www.europesays.com\/fr\/wp-json\/wp\/v2\/posts"}],"about":[{"href":"https:\/\/www.europesays.com\/fr\/wp-json\/wp\/v2\/types\/post"}],"author":[{"embeddable":true,"href":"https:\/\/www.europesays.com\/fr\/wp-json\/wp\/v2\/users\/2"}],"replies":[{"embeddable":true,"href":"https:\/\/www.europesays.com\/fr\/wp-json\/wp\/v2\/comments?post=351857"}],"version-history":[{"count":0,"href":"https:\/\/www.europesays.com\/fr\/wp-json\/wp\/v2\/posts\/351857\/revisions"}],"wp:featuredmedia":[{"embeddable":true,"href":"https:\/\/www.europesays.com\/fr\/wp-json\/wp\/v2\/media\/351858"}],"wp:attachment":[{"href":"https:\/\/www.europesays.com\/fr\/wp-json\/wp\/v2\/media?parent=351857"}],"wp:term":[{"taxonomy":"category","embeddable":true,"href":"https:\/\/www.europesays.com\/fr\/wp-json\/wp\/v2\/categories?post=351857"},{"taxonomy":"post_tag","embeddable":true,"href":"https:\/\/www.europesays.com\/fr\/wp-json\/wp\/v2\/tags?post=351857"}],"curies":[{"name":"wp","href":"https:\/\/api.w.org\/{rel}","templated":true}]}}