{"id":351859,"date":"2025-08-29T10:27:12","date_gmt":"2025-08-29T10:27:12","guid":{"rendered":"https:\/\/www.europesays.com\/fr\/351859\/"},"modified":"2025-08-29T10:27:12","modified_gmt":"2025-08-29T10:27:12","slug":"lopen-de-tennis-de-provence-demenage-a-la-ldlc-arena-des-2026","status":"publish","type":"post","link":"https:\/\/www.europesays.com\/fr\/351859\/","title":{"rendered":"l&rsquo;Open de tennis de Provence d\u00e9m\u00e9nage \u00e0 la LDLC Arena d\u00e8s 2026"},"content":{"rendered":"<p>                            <img loading=\"lazy\" width=\"1200\" height=\"800\" class=\"attachment-article size-article wp-post-image lazyload\" alt=\"LDLC Arena\" decoding=\"async\" src=\"https:\/\/www.europesays.com\/fr\/wp-content\/uploads\/2025\/08\/101-LDLC-Arena-2023_10_03-105.jpg\" data-eio-rwidth=\"1200\" data-eio-rheight=\"800\"\/><\/p>\n<p>La LDLC Arena de D\u00e9cines accueillera la Star Academy. (Photo Lionel Rault)<\/p>\n<p class=\"content\" style=\"font-size:1.2em;font-weight:700\">La LDLC Arena de Lyon-D\u00e9cines accueillera l&rsquo;Open de tennis de Provence d\u00e8s 2026.<\/p>\n<p>Grande nouvelle pour les amateurs de tennis. L&rsquo;Open de Tennis de Provence va d\u00e9m\u00e9nager d\u00e8s 2026 \u00e0 la LDLC Arena de D\u00e9cines-Charpieu pr\u00e8s de Lyon. L&rsquo;annonce a \u00e9t\u00e9 faite ce vendredi par la soci\u00e9t\u00e9 Pampelonne Organisation (filiale du All In Group), pr\u00e9sid\u00e9e par l\u2019ancien tennisman Jo-Wilfried Tsonga.<\/p>\n<p>L&rsquo;ATP 250 se d\u00e9roulera du 18 au 25 octobre \u00e0 l&rsquo;Arena, tandis que le All in country club servira de camp de base pour les participants. Pour l&rsquo;heure, le nouveau nom de l&rsquo;Open n&rsquo;a pas encore \u00e9t\u00e9 annonc\u00e9, ni le nombre de spectateurs qui pourront assister aux matchs;<\/p>\n<p>Pour rappel, Lyon avait perdu son Open Parc en 2024, puis l\u2019open 6e Sens, consacr\u00e9 au tennis f\u00e9minin, \u00e9tait lui aussi parti \u00e0 Strasbourg la m\u00eame ann\u00e9e. <\/p>\n","protected":false},"excerpt":{"rendered":"La LDLC Arena de D\u00e9cines accueillera la Star Academy. (Photo Lionel Rault) La LDLC Arena de Lyon-D\u00e9cines accueillera&hellip;\n","protected":false},"author":2,"featured_media":351860,"comment_status":"","ping_status":"","sticky":false,"template":"","format":"standard","meta":{"footnotes":""},"categories":[1889],"tags":[1111,11,2430,1777,674,1011,27,2428,12,25],"class_list":{"0":"post-351859","1":"post","2":"type-post","3":"status-publish","4":"format-standard","5":"has-post-thumbnail","7":"category-lyon","8":"tag-actu","9":"tag-actualites","10":"tag-auvergne-rhone-alpes","11":"tag-eu","12":"tag-europe","13":"tag-fr","14":"tag-france","15":"tag-lyon","16":"tag-news","17":"tag-republique-francaise"},"share_on_mastodon":{"url":"https:\/\/pubeurope.com\/@fr\/115111581771397875","error":""},"_links":{"self":[{"href":"https:\/\/www.europesays.com\/fr\/wp-json\/wp\/v2\/posts\/351859","targetHints":{"allow":["GET"]}}],"collection":[{"href":"https:\/\/www.europesays.com\/fr\/wp-json\/wp\/v2\/posts"}],"about":[{"href":"https:\/\/www.europesays.com\/fr\/wp-json\/wp\/v2\/types\/post"}],"author":[{"embeddable":true,"href":"https:\/\/www.europesays.com\/fr\/wp-json\/wp\/v2\/users\/2"}],"replies":[{"embeddable":true,"href":"https:\/\/www.europesays.com\/fr\/wp-json\/wp\/v2\/comments?post=351859"}],"version-history":[{"count":0,"href":"https:\/\/www.europesays.com\/fr\/wp-json\/wp\/v2\/posts\/351859\/revisions"}],"wp:featuredmedia":[{"embeddable":true,"href":"https:\/\/www.europesays.com\/fr\/wp-json\/wp\/v2\/media\/351860"}],"wp:attachment":[{"href":"https:\/\/www.europesays.com\/fr\/wp-json\/wp\/v2\/media?parent=351859"}],"wp:term":[{"taxonomy":"category","embeddable":true,"href":"https:\/\/www.europesays.com\/fr\/wp-json\/wp\/v2\/categories?post=351859"},{"taxonomy":"post_tag","embeddable":true,"href":"https:\/\/www.europesays.com\/fr\/wp-json\/wp\/v2\/tags?post=351859"}],"curies":[{"name":"wp","href":"https:\/\/api.w.org\/{rel}","templated":true}]}}