{"id":351873,"date":"2025-08-29T10:34:09","date_gmt":"2025-08-29T10:34:09","guid":{"rendered":"https:\/\/www.europesays.com\/fr\/351873\/"},"modified":"2025-08-29T10:34:09","modified_gmt":"2025-08-29T10:34:09","slug":"les-frappes-russes-sur-kiev-ont-fait-au-moins-23-morts-huit-personnes-encore-portees-disparues","status":"publish","type":"post","link":"https:\/\/www.europesays.com\/fr\/351873\/","title":{"rendered":"les frappes russes sur Kiev ont fait au moins 23 morts, huit personnes encore port\u00e9es disparues"},"content":{"rendered":"<p><a href=\"https:\/\/www.franceinfo.fr\/monde\/europe\/manifestations-en-ukraine\/guerre-en-ukraine-une-importante-attaque-russe-fait-au-moins-trois-morts-a-kiev_7459084.html\" rel=\"nofollow noopener\" target=\"_blank\">L&rsquo;attaque russe massive<\/a> qui a vis\u00e9 la capitale de l&rsquo;Ukraine, Kiev, dans la nuit du mercredi 27 au jeudi 28\u00a0ao\u00fbt a fait au moins 23 morts, selon un nouveau bilan rapport\u00e9 par le chef de l&rsquo;administration militaire de Kiev, Timour Tkatchenko. \u00ab\u00a0Malheureusement, le bilan des morts \u00e0 Kiev s&rsquo;\u00e9l\u00e8ve \u00e0 23 personnes\u00a0\u00bb, a-t-il d\u00e9clar\u00e9 sur Telegram, peu apr\u00e8s minuit vendredi. \u00ab\u00a0Le sort de huit personnes demeure inconnu, 53 autres ont \u00e9t\u00e9 bless\u00e9es\u00a0\u00bb, a pr\u00e9cis\u00e9 Volodymyr Zelensky sur les r\u00e9seaux sociaux, vendredi matin.\u00a0Les frappes ont endommag\u00e9 de nombreux immeubles r\u00e9sidentiels, dont un b\u00e2timent de cinq \u00e9tages qui s&rsquo;est effondr\u00e9, touchant aussi les locaux de la mission de l&rsquo;Union europ\u00e9enne en Ukraine et du British Council. Suivez notre direct.<\/p>\n<p class=\"c-body__bullet\"> <strong>Une r\u00e9union d&rsquo;urgence \u00e0 l&rsquo;ONU.\u00a0<\/strong>Le Conseil de s\u00e9curit\u00e9 de l&rsquo;ONU convoque une r\u00e9union d&rsquo;urgence vendredi apr\u00e8s-midi, \u00e0 la suite de ces frappes. La r\u00e9union a \u00e9t\u00e9 demand\u00e9e par l&rsquo;Ukraine, mais \u00e9galement par la France, le Royaume-Uni, le Danemark, la Gr\u00e8ce et la Slov\u00e9nie.\u00a0<\/p>\n<p class=\"c-body__bullet\"><strong> Plus de 200 b\u00e2timents touch\u00e9s.\u00a0<\/strong>Selon le chef de l&rsquo;administration militaire de Kiev, Timour Tkatchenko, les frappes russes de la nuit de mercredi \u00e0 jeudi ont touch\u00e9 225 b\u00e2timents r\u00e9sidentiels.\u00a0\u00ab\u00a0Des d\u00e9g\u00e2ts ont \u00e9t\u00e9 constat\u00e9s dans tous les arrondissements de la capitale\u00a0\u00bb, a-t-il d\u00e9clar\u00e9 sur Telegram jeudi soir.\u00a0<\/p>\n<p class=\"c-body__bullet\"> <strong>Donald Trump \u00ab\u00a0pas content\u00a0\u00bb mais \u00ab\u00a0pas surpris\u00a0\u00bb. <\/strong>Le pr\u00e9sident am\u00e9ricain, Donald Trump, s&rsquo;est dit\u00a0\u00ab\u00a0pas content\u00a0\u00bb\u00a0mais\u00a0\u00ab\u00a0pas surpris\u00a0\u00bb\u00a0des derni\u00e8res frappes russes sur Kiev, a d\u00e9clar\u00e9 jeudi sa porte-parole, Karoline Leavitt. Ces attaques menacent le plan du dirigeant am\u00e9ricain pour la paix en Ukraine, selon Washington.<\/p>\n<p class=\"c-body__bullet\"> <strong>Des frappes russes font deux morts dans la r\u00e9gion de Dnipropetrovsk.\u00a0<\/strong>Des frappes de drones russes ont fait deux morts et un bless\u00e9 dans la r\u00e9gion de Dnipropetrovsk (Ukraine), a affirm\u00e9 l&rsquo;administration militaire ukrainienne. Huit drones russes ont \u00e9t\u00e9 abattus, d&rsquo;apr\u00e8s Sergiy Lysak, chef de l&rsquo;administration militaire de la r\u00e9gion.<\/p>\n","protected":false},"excerpt":{"rendered":"L&rsquo;attaque russe massive qui a vis\u00e9 la capitale de l&rsquo;Ukraine, Kiev, dans la nuit du mercredi 27 au&hellip;\n","protected":false},"author":2,"featured_media":351874,"comment_status":"","ping_status":"","sticky":false,"template":"","format":"standard","meta":{"footnotes":""},"categories":[1591],"tags":[11,1887,12,1885,1886,132],"class_list":{"0":"post-351873","1":"post","2":"type-post","3":"status-publish","4":"format-standard","5":"has-post-thumbnail","7":"category-russie","8":"tag-actualites","9":"tag-federation-de-russie","10":"tag-news","11":"tag-russia","12":"tag-russian-federation","13":"tag-russie"},"share_on_mastodon":{"url":"https:\/\/pubeurope.com\/@fr\/115111609498361573","error":""},"_links":{"self":[{"href":"https:\/\/www.europesays.com\/fr\/wp-json\/wp\/v2\/posts\/351873","targetHints":{"allow":["GET"]}}],"collection":[{"href":"https:\/\/www.europesays.com\/fr\/wp-json\/wp\/v2\/posts"}],"about":[{"href":"https:\/\/www.europesays.com\/fr\/wp-json\/wp\/v2\/types\/post"}],"author":[{"embeddable":true,"href":"https:\/\/www.europesays.com\/fr\/wp-json\/wp\/v2\/users\/2"}],"replies":[{"embeddable":true,"href":"https:\/\/www.europesays.com\/fr\/wp-json\/wp\/v2\/comments?post=351873"}],"version-history":[{"count":0,"href":"https:\/\/www.europesays.com\/fr\/wp-json\/wp\/v2\/posts\/351873\/revisions"}],"wp:featuredmedia":[{"embeddable":true,"href":"https:\/\/www.europesays.com\/fr\/wp-json\/wp\/v2\/media\/351874"}],"wp:attachment":[{"href":"https:\/\/www.europesays.com\/fr\/wp-json\/wp\/v2\/media?parent=351873"}],"wp:term":[{"taxonomy":"category","embeddable":true,"href":"https:\/\/www.europesays.com\/fr\/wp-json\/wp\/v2\/categories?post=351873"},{"taxonomy":"post_tag","embeddable":true,"href":"https:\/\/www.europesays.com\/fr\/wp-json\/wp\/v2\/tags?post=351873"}],"curies":[{"name":"wp","href":"https:\/\/api.w.org\/{rel}","templated":true}]}}