{"id":351875,"date":"2025-08-29T10:35:11","date_gmt":"2025-08-29T10:35:11","guid":{"rendered":"https:\/\/www.europesays.com\/fr\/351875\/"},"modified":"2025-08-29T10:35:11","modified_gmt":"2025-08-29T10:35:11","slug":"guerre-en-ukraine-il-faudra-probablement-se-deployer-sur-place-et-avoir-des-avions-dans-le-ciel-ukrainien-estime-le-general-thierry-burkhard","status":"publish","type":"post","link":"https:\/\/www.europesays.com\/fr\/351875\/","title":{"rendered":"Guerre en Ukraine : \u00ab\u00a0Il faudra probablement se d\u00e9ployer sur place et avoir des avions dans le ciel ukrainien\u00a0\u00bb, estime le g\u00e9n\u00e9ral Thierry Burkhard"},"content":{"rendered":"<p>                                            Monde\n                                                                            <\/p>\n<p>\n                                            Alors qu\u2019il s\u2019appr\u00eate \u00e0 quitter ses fonctions apr\u00e8s quatre ans \u00e0 la t\u00eate des arm\u00e9es fran\u00e7aises, le chef d\u2019\u00e9tat-major livre son point de vue sur le conflit opposant la Russie \u00e0 l\u2019Ukraine, sur les risques pesant sur l\u2019Europe, et sur l\u2019imp\u00e9ratif d\u2019adapter la d\u00e9fense nationale.                                        <\/p>\n<p>                                                Publi\u00e9 le 29 ao\u00fbt 2025 \u00e0 11h34                                                                                            <\/p>\n<p>                                            <img loading=\"lazy\" width=\"1024\" height=\"683\" src=\"https:\/\/www.europesays.com\/fr\/wp-content\/uploads\/2025\/08\/SIPA_01211699_000047-2.jpg\" class=\"attachment-post-thumbnail size-post-thumbnail wp-post-image lazy\" alt=\"Le g\u00e9n\u00e9ral Thierry Burkhard \u00a9 Eliot Blondet \/ POOL\/SIPA\" decoding=\"async\"  data-\/><\/p>\n<p>                                            Le g\u00e9n\u00e9ral Thierry Burkhard \u00a9 Eliot Blondet \/ POOL\/SIPA<\/p>\n<p data-start=\"118\" data-end=\"972\">Dans un entretien accord\u00e9 \u00e0 <a href=\"https:\/\/www.liberation.fr\/international\/europe\/general-thierry-burkhard-les-europeens-doivent-etre-prets-a-prendre-des-risques-pour-maintenir-la-paix-en-ukraine-20250828_YNPYNISZVNDG7JEPG27VAPHEAE\/\" target=\"_blank\" rel=\"noopener\">Lib\u00e9ration<\/a> et Politico, le g\u00e9n\u00e9ral Thierry Burkhard insiste sur le fait que la guerre en Ukraine est une \u00ab\u202fguerre impos\u00e9e\u202f\u00bb, o\u00f9 les Ukrainiens doivent se battre pleinement contre la Russie pour \u00e9viter leur disparition. Il pr\u00e9cise que ce conflit ne ressemble pas aux \u00ab\u202fguerres choisies\u202f\u00bb men\u00e9es auparavant, comme en Irak ou au Mali, o\u00f9 \u00ab\u202fles autorit\u00e9s politiques et militaires pouvaient garder la main sur la quantit\u00e9 de munitions tir\u00e9es, la dur\u00e9e du s\u00e9jour des troupes et le nombre de soldats d\u00e9ploy\u00e9s\u202f\u00bb. Selon lui, l\u2019engagement des forces occidentales doit \u00e0 la fois soutenir l\u2019Ukraine et envoyer un message politique : \u00ab\u202fIl faut montrer que les pays europ\u00e9ens, \u00e9ventuellement appuy\u00e9s d\u2019une certaine mani\u00e8re par les \u00c9tats-Unis, sont pr\u00eats \u00e0 apporter des garanties\u202f\u00bb, m\u00eame si cela suppose de prendre des risques.<\/p>\n<p><a href=\"https:\/\/www.valeursactuelles.com\/societe\/qui-est-le-general-fabien-mandon-qui-remplace-thierry-burkhard-comme-chef-detat-major-des-armees\" class=\"h-flex h-align-items-center h-border-tb h-ptb-15\" target=\"_blank\" rel=\"noopener\">A\u00a0LIRE\u00a0Qui est le g\u00e9n\u00e9ral Fabien Mandon qui remplace Thierry Burkhard comme chef d\u2019\u00e9tat-major des arm\u00e9es ?<\/a><\/p>\n<p data-start=\"974\" data-end=\"1611\"><a href=\"https:\/\/www.valeursactuelles.com\/societe\/jo-2024-larmee-prevoit-de-mettre-10-000-militaires-a-disposition-pour-assurer-la-securite\" target=\"_blank\" rel=\"noopener\">L\u2019ancien chef d\u2019\u00e9tat-major de l\u2019arm\u00e9e de terre<\/a> souligne \u00e9galement que le conflit d\u00e9passe le seul cadre militaire. Selon lui, \u00ab\u202fplus que les chars russes, c\u2019est la mise en place d\u2019un ordre alternatif d\u00e9soccidentalis\u00e9 qui menace les Europ\u00e9ens. Si <a href=\"https:\/\/www.valeursactuelles.com\/monde\/kaliningrad-la-russie-construit-un-gigantesque-reseau-dantennes-pour-espionner-lotan\" target=\"_blank\" rel=\"noopener\">la Russie<\/a> peut casser l\u2019Europe sans attaque arm\u00e9e, c\u2019est la voie qu\u2019elle choisira\u202f\u00bb. Pour garantir la s\u00e9curit\u00e9 de l\u2019Europe, il \u00e9voque les actions concr\u00e8tes qui pourraient s\u2019av\u00e9rer n\u00e9cessaires : \u00ab\u202fCela veut probablement dire se d\u00e9ployer en Ukraine, avoir des avions dans le ciel ukrainien, assurer une reprise du trafic en mer Noire et aider \u00e0 la reconstruction de l\u2019arm\u00e9e ukrainienne\u202f\u00bb.<\/p>\n<p>\u00ab\u202fUne Europe fragilis\u00e9e peut demain se trouver dans une position d\u2019animal traqu\u00e9\u202f\u00bb<\/p>\n<p data-start=\"1703\" data-end=\"2150\">Le g\u00e9n\u00e9ral Burkhard met en garde contre la vuln\u00e9rabilit\u00e9 de l\u2019Europe si elle persiste dans le d\u00e9ni face aux nouvelles menaces mondiales : \u00ab\u202fUne Europe fragilis\u00e9e peut demain se trouver dans une position d\u2019animal traqu\u00e9, apr\u00e8s deux si\u00e8cles o\u00f9 l\u2019Occident a donn\u00e9 le la\u202f\u00bb. Il souligne \u00e9galement les diff\u00e9rences de perception entre les pays europ\u00e9ens, citant notamment l\u2019Espagne, qui estime que \u00ab\u202fMoscou ne repr\u00e9sente pas une menace imm\u00e9diate\u202f\u00bb.<\/p>\n<p><a href=\"https:\/\/www.valeursactuelles.com\/monde\/la-russie-a-designe-la-france-comme-son-premier-adversaire-en-europe-selon-le-chef-detat-major-des-armees\" class=\"h-flex h-align-items-center h-border-tb h-ptb-15\" target=\"_blank\" rel=\"noopener\">A\u00a0LIRE\u00a0La Russie \u00ab a d\u00e9sign\u00e9 la France comme son premier adversaire en Europe \u00bb, selon le chef d\u2019\u00e9tat-major des arm\u00e9es<\/a><\/p>\n<p data-start=\"2152\" data-end=\"2622\">Le successeur du g\u00e9n\u00e9ral Lecointre \u00e0 la t\u00eate des arm\u00e9es fran\u00e7aises attire \u00e9galement l\u2019attention sur les menaces hybrides auxquelles l\u2019Europe doit faire face, citant \u00ab\u202fle recours \u00e0 la force pour r\u00e9soudre les conflits, la guerre de l\u2019information et les cons\u00e9quences du changement climatique\u202f\u00bb. Selon lui, \u00ab\u202fune Europe divis\u00e9e ou insuffisamment pr\u00e9par\u00e9e pourrait se retrouver incapable de d\u00e9fendre ses int\u00e9r\u00eats strat\u00e9giques et de peser dans les d\u00e9cisions mondiales\u202f\u00bb.<\/p>\n<p>\u00ab\u202fIl n\u2019y a pas de pays en Europe qui p\u00e8se tout seul\u202f\u00bb<\/p>\n<p data-start=\"2685\" data-end=\"3361\">D\u2019apr\u00e8s le g\u00e9n\u00e9ral, le conflit en Ukraine contraint les forces arm\u00e9es \u00e0 s\u2019adapter \u00e0 de nouvelles formes de guerre : \u00ab\u202fLa question de savoir \u2018qu\u2019est-ce qui tue quoi et \u00e0 quel prix\u2019 est centrale. Si on ne d\u00e9veloppe que des armes de haute technologie qui tuent mais co\u00fbtent en r\u00e9alit\u00e9 tr\u00e8s tr\u00e8s cher, on n\u2019y arrivera probablement pas\u202f\u00bb. Il met l\u2019accent sur la n\u00e9cessit\u00e9 de diversifier les arsenaux et de suivre la rapidit\u00e9 d\u2019\u00e9volution de certains \u00e9quipements, notamment les drones : \u00ab\u202fSur le front ukrainien, la dur\u00e9e de vie des logiciels des drones est d\u2019environ un mois et demi. Il est probablement pr\u00e9f\u00e9rable d\u2019acheter [certains articles] par lots de 10, 15, 20 ou 50\u202f\u00bb.<\/p>\n<p data-start=\"3363\" data-end=\"3875\">Il insiste enfin sur l\u2019importance de la solidarit\u00e9 entre les pays europ\u00e9ens : \u00ab\u202fDans le monde de demain, la solidarit\u00e9 strat\u00e9gique qui doit unir les Europ\u00e9ens doit \u00eatre tr\u00e8s, tr\u00e8s forte. Il n\u2019y a pas de pays en Europe qui p\u00e8se tout seul\u202f\u00bb. Pour lui, adapter la d\u00e9fense nationale ne rel\u00e8ve pas seulement du militaire : c\u2019est aussi une question politique. L\u2019Europe doit s\u2019endurcir pour prot\u00e9ger ses int\u00e9r\u00eats, soutenir ses alli\u00e9s et pr\u00e9server sa cr\u00e9dibilit\u00e9 face aux menaces d\u2019un monde de plus en plus instable.<\/p>\n","protected":false},"excerpt":{"rendered":"Monde Alors qu\u2019il s\u2019appr\u00eate \u00e0 quitter ses fonctions apr\u00e8s quatre ans \u00e0 la t\u00eate des arm\u00e9es fran\u00e7aises, le&hellip;\n","protected":false},"author":2,"featured_media":351876,"comment_status":"","ping_status":"","sticky":false,"template":"","format":"standard","meta":{"footnotes":""},"categories":[1590],"tags":[11,1813,554,1777,674,131,12,48855,220],"class_list":{"0":"post-351875","1":"post","2":"type-post","3":"status-publish","4":"format-standard","5":"has-post-thumbnail","7":"category-ukraine","8":"tag-actualites","9":"tag-armee","10":"tag-defense","11":"tag-eu","12":"tag-europe","13":"tag-guerre-en-ukraine","14":"tag-news","15":"tag-thierry-burkhard","16":"tag-ukraine"},"share_on_mastodon":{"url":"https:\/\/pubeurope.com\/@fr\/115111613657878116","error":""},"_links":{"self":[{"href":"https:\/\/www.europesays.com\/fr\/wp-json\/wp\/v2\/posts\/351875","targetHints":{"allow":["GET"]}}],"collection":[{"href":"https:\/\/www.europesays.com\/fr\/wp-json\/wp\/v2\/posts"}],"about":[{"href":"https:\/\/www.europesays.com\/fr\/wp-json\/wp\/v2\/types\/post"}],"author":[{"embeddable":true,"href":"https:\/\/www.europesays.com\/fr\/wp-json\/wp\/v2\/users\/2"}],"replies":[{"embeddable":true,"href":"https:\/\/www.europesays.com\/fr\/wp-json\/wp\/v2\/comments?post=351875"}],"version-history":[{"count":0,"href":"https:\/\/www.europesays.com\/fr\/wp-json\/wp\/v2\/posts\/351875\/revisions"}],"wp:featuredmedia":[{"embeddable":true,"href":"https:\/\/www.europesays.com\/fr\/wp-json\/wp\/v2\/media\/351876"}],"wp:attachment":[{"href":"https:\/\/www.europesays.com\/fr\/wp-json\/wp\/v2\/media?parent=351875"}],"wp:term":[{"taxonomy":"category","embeddable":true,"href":"https:\/\/www.europesays.com\/fr\/wp-json\/wp\/v2\/categories?post=351875"},{"taxonomy":"post_tag","embeddable":true,"href":"https:\/\/www.europesays.com\/fr\/wp-json\/wp\/v2\/tags?post=351875"}],"curies":[{"name":"wp","href":"https:\/\/api.w.org\/{rel}","templated":true}]}}