{"id":351879,"date":"2025-08-29T10:37:22","date_gmt":"2025-08-29T10:37:22","guid":{"rendered":"https:\/\/www.europesays.com\/fr\/351879\/"},"modified":"2025-08-29T10:37:22","modified_gmt":"2025-08-29T10:37:22","slug":"la-livre-affaiblie-par-des-inquietudes-sur-leconomie-britannique","status":"publish","type":"post","link":"https:\/\/www.europesays.com\/fr\/351879\/","title":{"rendered":"La livre affaiblie par des inqui\u00e9tudes sur l&rsquo;\u00e9conomie britannique"},"content":{"rendered":"<p style=\"margin-top:5px\">Londres (awp\/afp) &#8211; La livre perd du terrain vendredi, lest\u00e9e par des inqui\u00e9tudes \u00e0 l&rsquo;\u00e9gard de l&rsquo;\u00e9conomie britannique, tandis que le dollar fait du surplace avant la publication de l&rsquo;inflation am\u00e9ricaine pour juillet.<\/p>\n<p>En amont de l&rsquo;annonce \u00e0 l&rsquo;automne du prochain budget du Royaume-Uni, \u00ab\u00a0de nombreux chefs d&rsquo;entreprise britanniques ont critiqu\u00e9 la politique \u00e9conomique du pays cette semaine, affirmant qu&rsquo;elle compromet la croissance et aggrave la crise du co\u00fbt de la vie\u00a0\u00bb, a soulign\u00e9 Kathleen Brooks, analyste de XTB.<\/p>\n<p>Face \u00e0 cette \u00ab\u00a0remise en question de l&rsquo;action du gouvernement, il n&rsquo;est pas \u00e9tonnant que la livre sterling chute\u00a0\u00bb, a-t-elle estim\u00e9.<\/p>\n<p>Le dernier coup est venu d&rsquo;un rapport de l&rsquo;Institut de recherche sur les politiques publiques (IPPR), un centre de r\u00e9flexion, publi\u00e9 vendredi, qui conseille d&rsquo;imposer une taxe exceptionnelle aux banques britanniques afin de lever des milliards de livres de recettes publiques.<\/p>\n<p>Cons\u00e9quence: les actions des principales banques du pays, comme Lloyds, Barclays et NatWest, d\u00e9vissent vendredi \u00e0 la Bourse de Londres.<\/p>\n<p>Vers 09H45 GMT (11H45 HEC), la livre reculait de 0,34% face \u00e0 la devise am\u00e9ricaine, \u00e0 1,3467 dollar pour une livre, et glissait de 0,26% face \u00e0 la monnaie unique europ\u00e9enne, \u00e0 86,69 pence pour un euro.<\/p>\n<p>Le billet vert, pour sa part, ne fait pas de vague en attendant la parution de l&rsquo;indice PCE, jauge d&rsquo;inflation privil\u00e9gi\u00e9e par la R\u00e9serve f\u00e9d\u00e9rale (Fed). Il est attendu stable en juillet \u00e0 2,6% sur un an, selon le consensus des analystes de Bloomberg.<\/p>\n<p>Jeudi, le dollar a largement ignor\u00e9 la r\u00e9vision \u00e0 la hausse du PIB am\u00e9ricain au deuxi\u00e8me trimestre, \u00e0 3,3% en rythme annualis\u00e9, sup\u00e9rieure aux attentes des analystes.<\/p>\n<p>Une inflation sup\u00e9rieure aux attentes \u00ab\u00a0perturberait un peu le march\u00e9 et entra\u00eenerait peut-\u00eatre une r\u00e9\u00e9valuation \u00e0 la baisse des chances d&rsquo;une baisse de taux en septembre\u00a0\u00bb de la Fed, a expliqu\u00e9 Neil Wilson, analyste de Saxo Markets.<\/p>\n<p>En parall\u00e8le, une gouverneure de la Fed, Lisa Cook, que le pr\u00e9sident Donald Trump veut r\u00e9voquer, a saisi la justice jeudi pour que celle-ci la confirme \u00e0 son poste. Une audience aura lieu vendredi \u00e0 Washington \u00e0 10H00 (14H00 GMT).<\/p>\n<p>\u00ab\u00a0Quel que soit le r\u00e9sultat, on peut s&rsquo;attendre \u00e0 un appel, qui ira tr\u00e8s probablement jusqu&rsquo;\u00e0 la Cour supr\u00eame\u00a0\u00bb et pourrait s&rsquo;\u00e9terniser, a jug\u00e9 Derek Halpenny, analyste de MUFG.<\/p>\n<p>Cette \u00ab\u00a0menace qui p\u00e8se sur l&rsquo;ind\u00e9pendance de la Fed\u00a0\u00bb est susceptible de plomber le dollar, a-t-il ajout\u00e9.<\/p>\n<p>        Cours de vendredi         Cours de jeudi<br \/>\n        09H45 GMT                 21H00 GMT<\/p>\n<p>EUR\/USD 1,1675                    1,1683<\/p>\n<p>EUR\/JPY 171,68                    171,67<\/p>\n<p>EUR\/CHF 0,9353                    0,9361<\/p>\n<p>EUR\/GBP 0,8669                    0,8646<\/p>\n<p>USD\/JPY 147,05                    146,93<\/p>\n<p>USD\/CHF 0,8011                    0,8013<\/p>\n<p>GBP\/USD 1,3467                    1,3513<\/p>\n<p>afp\/jh<\/p>\n","protected":false},"excerpt":{"rendered":"Londres (awp\/afp) &#8211; La livre perd du terrain vendredi, lest\u00e9e par des inqui\u00e9tudes \u00e0 l&rsquo;\u00e9gard de l&rsquo;\u00e9conomie britannique,&hellip;\n","protected":false},"author":2,"featured_media":351880,"comment_status":"","ping_status":"","sticky":false,"template":"","format":"standard","meta":{"footnotes":""},"categories":[1588],"tags":[11,340,1777,674,12,473,1853,1851,1850,1852],"class_list":{"0":"post-351879","1":"post","2":"type-post","3":"status-publish","4":"format-standard","5":"has-post-thumbnail","7":"category-royaume-uni","8":"tag-actualites","9":"tag-bourse","10":"tag-eu","11":"tag-europe","12":"tag-news","13":"tag-royaume-uni","14":"tag-royaume-uni-de-grande-bretagne-et-dirlande-du-nord","15":"tag-uk","16":"tag-united-kingdom","17":"tag-united-kingdom-of-great-britain-and-northern-ireland"},"share_on_mastodon":{"url":"https:\/\/pubeurope.com\/@fr\/115111621059629967","error":""},"_links":{"self":[{"href":"https:\/\/www.europesays.com\/fr\/wp-json\/wp\/v2\/posts\/351879","targetHints":{"allow":["GET"]}}],"collection":[{"href":"https:\/\/www.europesays.com\/fr\/wp-json\/wp\/v2\/posts"}],"about":[{"href":"https:\/\/www.europesays.com\/fr\/wp-json\/wp\/v2\/types\/post"}],"author":[{"embeddable":true,"href":"https:\/\/www.europesays.com\/fr\/wp-json\/wp\/v2\/users\/2"}],"replies":[{"embeddable":true,"href":"https:\/\/www.europesays.com\/fr\/wp-json\/wp\/v2\/comments?post=351879"}],"version-history":[{"count":0,"href":"https:\/\/www.europesays.com\/fr\/wp-json\/wp\/v2\/posts\/351879\/revisions"}],"wp:featuredmedia":[{"embeddable":true,"href":"https:\/\/www.europesays.com\/fr\/wp-json\/wp\/v2\/media\/351880"}],"wp:attachment":[{"href":"https:\/\/www.europesays.com\/fr\/wp-json\/wp\/v2\/media?parent=351879"}],"wp:term":[{"taxonomy":"category","embeddable":true,"href":"https:\/\/www.europesays.com\/fr\/wp-json\/wp\/v2\/categories?post=351879"},{"taxonomy":"post_tag","embeddable":true,"href":"https:\/\/www.europesays.com\/fr\/wp-json\/wp\/v2\/tags?post=351879"}],"curies":[{"name":"wp","href":"https:\/\/api.w.org\/{rel}","templated":true}]}}