{"id":351883,"date":"2025-08-29T10:39:12","date_gmt":"2025-08-29T10:39:12","guid":{"rendered":"https:\/\/www.europesays.com\/fr\/351883\/"},"modified":"2025-08-29T10:39:12","modified_gmt":"2025-08-29T10:39:12","slug":"leurope-ouvre-sur-une-note-prudente-avec-la-salve-de-donnees-29-08-2025-a-1007","status":"publish","type":"post","link":"https:\/\/www.europesays.com\/fr\/351883\/","title":{"rendered":"L&rsquo;Europe ouvre sur une note prudente avec la salve de donn\u00e9es &#8211; 29\/08\/2025 \u00e0 10:07"},"content":{"rendered":"<p>        <img fetchpriority=\"high\" decoding=\"async\" src=\"https:\/\/www.europesays.com\/fr\/wp-content\/uploads\/2025\/08\/e9abf2a853857cd9bfdd0fdf4e07c6d5-760x536.jpg\" alt=\"Si\u00e8ge du LSEG (London Stock Exchange Group) \u00e0 Londres\" loading=\"eager\" width=\"760\" height=\"536\" style=\"max-width: 100%!important; height: auto;\"\/><\/p>\n<p class=\"c-image-news__legend\">Si\u00e8ge du LSEG (London Stock Exchange Group) \u00e0 Londres<\/p>\n<p>\n PARIS (Reuters) -Les principales Bourses europ\u00e9ennes \u00e9voluent avec de faibles variations \u00e0 la baisse en d\u00e9but de s\u00e9ance vendredi lors d&rsquo;une journ\u00e9e marqu\u00e9e par la publication de nombreux indicateurs.\n<\/p>\n<p>\n \u00c0 Paris, le CAC 40 est stable \u00e0 7.762,11 points vers07h14 GMT. A Londres, le FTSE 100 c\u00e8de 0,08% et \u00e0 Francfort, le Dax recule de 0,09% et le Stoxx 600 0,22%.\n<\/p>\n<p>\n Les investisseurs attendent vendredi la publication de nombreux indicateurs d&rsquo;un c\u00f4t\u00e9 et de l&rsquo;autre de l&rsquo;Atlantique pour affiner leurs sc\u00e9narios.\n<\/p>\n<p>\n En Europe, c&rsquo;est surtout l&rsquo;inflation fran\u00e7aise et allemande qui concentrent les attentions alors que le compte-rendu de politique mon\u00e9taire de la Banque centrale europ\u00e9enne (BCE) a confirm\u00e9 l&rsquo;attitude attentiste avec une l\u00e9g\u00e8re tendance \u00e0 l&rsquo;assouplissement.\n<\/p>\n<p>\n Aux Etats-Unis, c&rsquo;est l&rsquo;indicateur privil\u00e9gi\u00e9 de la R\u00e9serve f\u00e9d\u00e9rale am\u00e9ricaine (Fed), l&rsquo;indice des prix PCE, que les march\u00e9s attendent.\n<\/p>\n<p>\n Apr\u00e8s que Jerome Powell, pr\u00e9sident de la Fed, a \u00e9voqu\u00e9 la possibilit\u00e9 d&rsquo;une baisse des taux en septembre, les investisseurs misent \u00e0 la tr\u00e8s grande majorit\u00e9 sur une baisse des taux de 25 points de base le mois prochain.\n<\/p>\n<p>\n Aux valeurs, Remy Cointreau prend 1,2% apr\u00e8s avoir abaiss\u00e9 vendredi l&rsquo;impact estim\u00e9 des droits de douane am\u00e9ricains sur ses r\u00e9sultats.\n<\/p>\n<p>\n (R\u00e9dig\u00e9 par Bertrand De Meyer, \u00e9dit\u00e9 par Augustin Turpin)<\/p>\n","protected":false},"excerpt":{"rendered":"Si\u00e8ge du LSEG (London Stock Exchange Group) \u00e0 Londres PARIS (Reuters) -Les principales Bourses europ\u00e9ennes \u00e9voluent avec de&hellip;\n","protected":false},"author":2,"featured_media":351884,"comment_status":"","ping_status":"","sticky":false,"template":"","format":"standard","meta":{"footnotes":""},"categories":[1586],"tags":[400,11,398,408,405,1777,674,1011,27,403,402,399,404,12,25,401,406,407],"class_list":{"0":"post-351883","1":"post","2":"type-post","3":"status-publish","4":"format-standard","5":"has-post-thumbnail","7":"category-europe","8":"tag-action-cac-40","9":"tag-actualites","10":"tag-bourse-de-paris","11":"tag-boursorama","12":"tag-cotations","13":"tag-eu","14":"tag-europe","15":"tag-fr","16":"tag-france","17":"tag-indices-devises","18":"tag-investir","19":"tag-investissement","20":"tag-marche-boursier","21":"tag-news","22":"tag-republique-francaise","23":"tag-sicav","24":"tag-trackers","25":"tag-warrants"},"share_on_mastodon":{"url":"https:\/\/pubeurope.com\/@fr\/115111629486514771","error":""},"_links":{"self":[{"href":"https:\/\/www.europesays.com\/fr\/wp-json\/wp\/v2\/posts\/351883","targetHints":{"allow":["GET"]}}],"collection":[{"href":"https:\/\/www.europesays.com\/fr\/wp-json\/wp\/v2\/posts"}],"about":[{"href":"https:\/\/www.europesays.com\/fr\/wp-json\/wp\/v2\/types\/post"}],"author":[{"embeddable":true,"href":"https:\/\/www.europesays.com\/fr\/wp-json\/wp\/v2\/users\/2"}],"replies":[{"embeddable":true,"href":"https:\/\/www.europesays.com\/fr\/wp-json\/wp\/v2\/comments?post=351883"}],"version-history":[{"count":0,"href":"https:\/\/www.europesays.com\/fr\/wp-json\/wp\/v2\/posts\/351883\/revisions"}],"wp:featuredmedia":[{"embeddable":true,"href":"https:\/\/www.europesays.com\/fr\/wp-json\/wp\/v2\/media\/351884"}],"wp:attachment":[{"href":"https:\/\/www.europesays.com\/fr\/wp-json\/wp\/v2\/media?parent=351883"}],"wp:term":[{"taxonomy":"category","embeddable":true,"href":"https:\/\/www.europesays.com\/fr\/wp-json\/wp\/v2\/categories?post=351883"},{"taxonomy":"post_tag","embeddable":true,"href":"https:\/\/www.europesays.com\/fr\/wp-json\/wp\/v2\/tags?post=351883"}],"curies":[{"name":"wp","href":"https:\/\/api.w.org\/{rel}","templated":true}]}}