{"id":351885,"date":"2025-08-29T10:40:13","date_gmt":"2025-08-29T10:40:13","guid":{"rendered":"https:\/\/www.europesays.com\/fr\/351885\/"},"modified":"2025-08-29T10:40:13","modified_gmt":"2025-08-29T10:40:13","slug":"henna-virkkunen-sous-le-feu-des-critiques-apres-les-menaces-de-tr","status":"publish","type":"post","link":"https:\/\/www.europesays.com\/fr\/351885\/","title":{"rendered":"Henna Virkkunen sous le feu des critiques apr\u00e8s les menaces de Tr &#8230;"},"content":{"rendered":"<p><a href=\"https:\/\/www.zdnet.fr\/actualites\/comment-la-nouvelle-commission-europeenne-va-gerer-lapres-thierry-breton-402787.htm\" target=\"_blank\" rel=\"noopener\">Henna Virkkunen<\/a> est rest\u00e9e jusqu&rsquo;\u00e0 pr\u00e9sent silencieuse, mais ses d\u00e9tracteurs lui laissent rien passer. Vis\u00e9e par une salve de critiques venues du Parlement europ\u00e9en, la nouvelle cheffe de la technologie de l\u2019UE se retrouve sous pression, en pleine escalade diplomatique avec Washington.<\/p>\n<p>En cause : la r\u00e9action jug\u00e9e trop ti\u00e8de de Bruxelles <a href=\"https:\/\/www.zdnet.fr\/actualites\/dsa-dma-sanctions-pourquoi-trump-sattaque-frontalement-aux-lois-tech-de-lue-480874.htm\" target=\"_blank\" rel=\"noopener\">face aux menaces de repr\u00e9sailles commerciales brandies par Donald Trump.<\/a><\/p>\n<p>Le pr\u00e9sident am\u00e9ricain a menac\u00e9 d&rsquo;imposer des droits de douane \u00e0 l&rsquo;Europe, en r\u00e9action \u00e0 la mise en \u0153uvre du <a href=\"https:\/\/www.zdnet.fr\/dsa-reglement-europeen-sur-les-services-numeriques-6741q.htm\" target=\"_blank\" rel=\"noopener\">Digital Services Act (DSA)<\/a> et du <a href=\"https:\/\/www.zdnet.fr\/dma-reglement-sur-les-marches-numeriques-6740q.htm\" target=\"_blank\" rel=\"noopener\">Digital Markets Act (DMA)<\/a>, des r\u00e8glements europ\u00e9ens visant \u00e0 encadrer les g\u00e9ants du num\u00e9rique. Des lois per\u00e7ues aux \u00c9tats-Unis comme un danger pour la libert\u00e9 d&rsquo;expression et l&rsquo;innovation.<\/p>\n<p> Une riposte jug\u00e9e insuffisante \u00e0 Bruxelles <\/p>\n<p>Plusieurs eurod\u00e9put\u00e9s critiquent la discr\u00e9tion d\u2019Henna Virkkunen depuis l\u2019avertissement lanc\u00e9 par Donald Trump \u00e0 la suite de l\u2019accord commercial UE\u2013\u00c9tats-Unis du 21 ao\u00fbt.<\/p>\n<p>Alexandra Geese, eurod\u00e9put\u00e9e allemande \u00e9cologiste, <a href=\"https:\/\/www.linkedin.com\/feed\/update\/urn:li:activity:7366478364037001219\/\" target=\"_blank\" rel=\"noopener\">a appel\u00e9 la commissaire \u00e0 un sursaut d\u2019autorit\u00e9 sur LinkedIn<\/a>. \u00ab\u00a0L&rsquo;Europe doit \u00e9galement construire de toute urgence sa propre infrastructure num\u00e9rique. Et il serait tr\u00e8s appr\u00e9ci\u00e9 que le vice-pr\u00e9sident ex\u00e9cutif pour la souverainet\u00e9 technologique de la Commission europ\u00e9enne se batte pour la d\u00e9mocratie europ\u00e9enne\u00a0\u00bb, a-t-elle \u00e9crit, avant de conclure : \u00ab\u00a0Il y a une liste interminable de choses \u00e0 faire pour que l&rsquo;Europe et le monde restent libres. Commencez \u00e0 le faire !\u00a0\u00bb.<\/p>\n<p>M\u00eame son de cloche <a href=\"https:\/\/www.linkedin.com\/feed\/update\/urn:li:activity:7366210278784516098\/\" target=\"_blank\" rel=\"noopener\">chez la Fran\u00e7aise St\u00e9phanie Yon-Courtin (Renew Europe)<\/a> : \u00ab\u00a0Je suis moi aussi choqu\u00e9e [&#8230;] plus par le manque de pugnacit\u00e9 de la r\u00e9ponse de la Commission europ\u00e9enne que par l&rsquo;attitude de Trump.<\/p>\n<p> Thierry Breton vs. Henna Virkkunen <\/p>\n<p>Et l\u2019\u00e9pisode ravive une critique plus ancienne \u00e0 l\u2019encontre de Henna Virkkunen, ex-eurod\u00e9put\u00e9e devenue commissaire en d\u00e9cembre 2024.<\/p>\n<p>C&rsquo;est en effet son pr\u00e9d\u00e9cesseur, Thierry Breton, et non elle, <a href=\"https:\/\/www.europe1.fr\/international\/soutien-lextreme-droite-allemande-echanges-tendus-entre-elon-musk-et-thierry-breton-sur-x-236410\" target=\"_blank\" rel=\"noopener\">qui avait directement recadr\u00e9 Elon Musk<\/a> \u00e0 l&rsquo;hiver dernier lorsque ce dernier \u00e9tait intervenu dans la politique allemande via X, affirmant que les r\u00e8gles europ\u00e9ennes devaient \u00eatre respect\u00e9es.<\/p>\n<p>Certes, Thierry Breton a quitt\u00e9 ses fonctions. Mais sa pr\u00e9sence m\u00e9diatique tout comme politique reste forte.<\/p>\n<p> Thierry Breton d\u00e9cline une audition aux Etats-Unis <\/p>\n<p>Attendu comme t\u00e9moin \u00e0 une audition organis\u00e9e mercredi prochain par la commission judiciaire de la Chambre des repr\u00e9sentants des \u00c9tats-Unis, <a href=\"https:\/\/x.com\/ThierryBreton\/status\/1961143710306927053\">il vient de d\u00e9cliner sur X<\/a>. Intitul\u00e9e \u00ab\u00a0La menace europ\u00e9enne sur la libert\u00e9 d\u2019expression et l\u2019innovation am\u00e9ricaines\u00a0\u00bb, l&rsquo;audition s\u2019inscrit dans la strat\u00e9gie des \u00e9lus R\u00e9publicains pour d\u00e9noncer les l\u00e9gislations europ\u00e9ennes qui p\u00e8sent sur les acteurs am\u00e9ricains de la tech.<\/p>\n<p>\u00ab\u00a0Comme la port\u00e9e de l\u2019audition et l\u2019objet du t\u00e9moignage concernent les politiques de l\u2019Union europ\u00e9enne et plus particuli\u00e8rement le Digital Services Act (DSA), on m\u2019a indiqu\u00e9 que la Commission europ\u00e9enne vous r\u00e9pondra directement sur le fond\u00a0\u00bb a mentionn\u00e9 dans sa r\u00e9ponse l&rsquo;ancien Commissaire europ\u00e9en.<\/p>\n<p>De son c\u00f4t\u00e9, l\u2019Union europ\u00e9enne maintient sa ligne. \u00ab\u00a0Nous avons \u00e9cart\u00e9 ces questions des n\u00e9gociations commerciales\u00a0\u00bb, <a href=\"https:\/\/www.euractiv.fr\/section\/tech\/news\/accord-ue-etats-unis-dans-le-domaine-numerique-certains-points-restent-flous\/\" target=\"_blank\" rel=\"noopener\">a assur\u00e9 le commissaire europ\u00e9en au Commerce, Maro\u0161 \u0160ef\u010dovi\u010d.<\/a><\/p>\n<p>                    Guide d&rsquo;achat                <\/p>\n<p>                <img loading=\"lazy\" width=\"365\" height=\"200\" decoding=\"async\" src=\"https:\/\/www.europesays.com\/fr\/wp-content\/uploads\/2025\/04\/trou-365x200.webp.webp\" class=\"lazy-load cnzd__ar--xxs-s cnzd__ar--xs-s cnzd__ar--sm-s cnzd__ar--md-s cnzd__ar--lg-w cnzd__ar--xl-w zoom-it wp-post-image\" alt=\"Les meilleurs mod\u00e8les d'IA open-source : toutes les options gratuites expliqu\u00e9es pour vous\"\/>            <\/p>\n<p class=\"cn__body-md cn__font-primary ed__i-lst__c__txt\">Voici les meilleurs mod\u00e8les d&rsquo;IA libres et gratuits pour le texte, les images et l&rsquo;audio, class\u00e9s par type, par application et par licence.<\/p>\n<p>\t\t\t\t\t    Par Jason Perlow | 08 novembre 2024<\/p>\n<p>                    Guide d&rsquo;achat                <\/p>\n<p>                <img loading=\"lazy\" width=\"365\" height=\"200\" decoding=\"async\" src=\"https:\/\/www.europesays.com\/fr\/wp-content\/uploads\/2025\/08\/copilot_1200-365x200.jpg\" class=\"lazy-load cnzd__ar--xxs-s cnzd__ar--xs-s cnzd__ar--sm-s cnzd__ar--md-s cnzd__ar--lg-w cnzd__ar--xl-w zoom-it wp-post-image\" alt=\"Microsoft Copilot\u00a0: voici ce qu'il faut savoir\"\/>            <\/p>\n<p class=\"cn__body-md cn__font-primary ed__i-lst__c__txt\">L\u2019entreprise de Redmond vient d\u2019annoncer la sortie de son compagnon d&rsquo;IA, qui pourrait transformer votre flux de travail. Voici comment.<\/p>\n<p>\t\t\t\t\t    Par Sabrina Ortiz | 26 septembre 2023<\/p>\n","protected":false},"excerpt":{"rendered":"Henna Virkkunen est rest\u00e9e jusqu&rsquo;\u00e0 pr\u00e9sent silencieuse, mais ses d\u00e9tracteurs lui laissent rien passer. Vis\u00e9e par une salve&hellip;\n","protected":false},"author":2,"featured_media":351886,"comment_status":"","ping_status":"","sticky":false,"template":"","format":"standard","meta":{"footnotes":""},"categories":[1586],"tags":[11,48856,46410,1777,674,1779,1011,27,12,4125,8088,9235,25,1778,364],"class_list":{"0":"post-351885","1":"post","2":"type-post","3":"status-publish","4":"format-standard","5":"has-post-thumbnail","7":"category-europe","8":"tag-actualites","9":"tag-dma-reglement-sur-les-marches-numeriques","10":"tag-dsa-reglement-europeen-sur-les-services-numeriques","11":"tag-eu","12":"tag-europe","13":"tag-european-union","14":"tag-fr","15":"tag-france","16":"tag-news","17":"tag-numerique","18":"tag-reglementation","19":"tag-regulation","20":"tag-republique-francaise","21":"tag-ue","22":"tag-union-europeenne"},"share_on_mastodon":{"url":"https:\/\/pubeurope.com\/@fr\/115111632948126337","error":""},"_links":{"self":[{"href":"https:\/\/www.europesays.com\/fr\/wp-json\/wp\/v2\/posts\/351885","targetHints":{"allow":["GET"]}}],"collection":[{"href":"https:\/\/www.europesays.com\/fr\/wp-json\/wp\/v2\/posts"}],"about":[{"href":"https:\/\/www.europesays.com\/fr\/wp-json\/wp\/v2\/types\/post"}],"author":[{"embeddable":true,"href":"https:\/\/www.europesays.com\/fr\/wp-json\/wp\/v2\/users\/2"}],"replies":[{"embeddable":true,"href":"https:\/\/www.europesays.com\/fr\/wp-json\/wp\/v2\/comments?post=351885"}],"version-history":[{"count":0,"href":"https:\/\/www.europesays.com\/fr\/wp-json\/wp\/v2\/posts\/351885\/revisions"}],"wp:featuredmedia":[{"embeddable":true,"href":"https:\/\/www.europesays.com\/fr\/wp-json\/wp\/v2\/media\/351886"}],"wp:attachment":[{"href":"https:\/\/www.europesays.com\/fr\/wp-json\/wp\/v2\/media?parent=351885"}],"wp:term":[{"taxonomy":"category","embeddable":true,"href":"https:\/\/www.europesays.com\/fr\/wp-json\/wp\/v2\/categories?post=351885"},{"taxonomy":"post_tag","embeddable":true,"href":"https:\/\/www.europesays.com\/fr\/wp-json\/wp\/v2\/tags?post=351885"}],"curies":[{"name":"wp","href":"https:\/\/api.w.org\/{rel}","templated":true}]}}