{"id":351887,"date":"2025-08-29T10:41:10","date_gmt":"2025-08-29T10:41:10","guid":{"rendered":"https:\/\/www.europesays.com\/fr\/351887\/"},"modified":"2025-08-29T10:41:10","modified_gmt":"2025-08-29T10:41:10","slug":"un-comportement-odieux-des-temoins-du-chat-qui-miaule-dans-le-tgv-racontent-la-scene","status":"publish","type":"post","link":"https:\/\/www.europesays.com\/fr\/351887\/","title":{"rendered":"\u00ab\u00a0Un comportement odieux\u00a0\u00bb\u2026 Des t\u00e9moins du \u00ab\u00a0chat qui miaule\u00a0\u00bb dans le TGV racontent la sc\u00e8ne"},"content":{"rendered":"<p>C\u2019est ce qu\u2019on appelle \u00ab\u00a0un retour de b\u00e2ton\u00a0\u00bb. En col\u00e8re apr\u00e8s avoir \u00e9t\u00e9 verbalis\u00e9e par des agents de la SNCF, une voyageuse a jug\u00e9 bon <a href=\"https:\/\/www.bfmtv.com\/societe\/une-voyageuse-verbalisee-par-un-controleur-sncf-car-son-chat-miaulait-dans-le-train_AN-202508260405.html\" rel=\"nofollow noopener\" target=\"_blank\" class=\"c-link c-link--is-underlined\">de raconter \u00e0 nos confr\u00e8res de BFMTV<\/a> que c\u2019est parce que son chat miaulait qu\u2019elle avait \u00e9cop\u00e9 d\u2019une prune de 110 euros. Une affaire qui a fait le tour des m\u00e9dias fran\u00e7ais mais omettait une grande partie du r\u00e9cit.<\/p>\n<p>Comme <a href=\"https:\/\/www.20minutes.fr\/faits_divers\/4169819-20250827-voyageuse-verbalisee-parce-chat-miaulait-tgv\" class=\"c-link c-link--is-underlined\" target=\"_blank\" rel=\"noopener\">le pr\u00e9cisait la SNCF dans notre article paru mercredi<\/a>, la voyageuse n\u2019a absolument pas \u00e9t\u00e9 verbalis\u00e9e \u00e0 cause de son chat, qui voyageait en r\u00e8gle. Ce sont surtout son comportement et son refus de changer de wagon qui ont pouss\u00e9 les contr\u00f4leurs \u00e0 la sanctionner. Un r\u00e9cit largement plus nuanc\u00e9 qui est confirm\u00e9 par des t\u00e9moins pr\u00e9sents dans ce train qui circulait entre <a href=\"https:\/\/www.20minutes.fr\/dossier\/vannes\" class=\"c-link c-link--is-underlined\" target=\"_blank\" rel=\"noopener\">Vannes <\/a>et <a href=\"https:\/\/www.20minutes.fr\/paris\/\" class=\"c-link c-link--is-underlined\" target=\"_blank\" rel=\"noopener\">Paris <\/a>le 21\u00a0ao\u00fbt.<\/p>\n<p>Plusieurs voyageurs ont pris le temps d\u2019\u00e9crire \u00e0 certains m\u00e9dias et \u00e0 la <a href=\"https:\/\/www.20minutes.fr\/dossier\/sncf\" class=\"c-link c-link--is-underlined\" target=\"_blank\" rel=\"noopener\">SNCF <\/a>pour donner leur version des faits. Et \u00e7a ne manque pas de sel. \u00ab\u00a0Les agents ont \u00e9t\u00e9 pouss\u00e9s \u00e0 cette verbalisation par son attitude insultante et grossi\u00e8re et non par son chat\u00a0\u00bb, explique une femme qui \u00e9tait assise tout pr\u00e8s de la propri\u00e9taire du f\u00e9lin. D\u2019apr\u00e8s cette t\u00e9moin, cela faisait une heure que le chat miaulait quand des voyageurs ont demand\u00e9 \u00e0 la dame \u00ab\u00a0de faire quelque chose contre les miaulements intempestifs\u00a0\u00bb du chat. R\u00e9ponse\u00a0: \u00ab\u00a0Mettez des \u00e9couteurs\u00a0\u00bb, avant un d\u00e9licieux \u00ab\u00a0ferme ta gueule\u00a0\u00bb adress\u00e9 \u00e0 un homme.<\/p>\n<p>\u00ab\u00a0Elle se fait passer pour une victime\u00a0\u00bb<\/p>\n<p>Une version corrobor\u00e9e par un autre voyageur pr\u00e9sent dans la rame. \u00ab\u00a0Le chat n\u2019a pas arr\u00eat\u00e9 de miauler plus ou moins fort, toutes les cinq secondes environ, sans qu\u2019elle n\u2019essaye de faire quoi que ce soit pour qu\u2019il arr\u00eate\u00a0\u00bb, peut-on lire dans ce t\u00e9moignage.<\/p>\n<\/p>\n<p>Les deux t\u00e9moins saluent par ailleurs l\u2019attitude \u00ab\u00a0tr\u00e8s calme\u00a0\u00bb des contr\u00f4leurs, qui ont propos\u00e9 \u00e0 la propri\u00e9taire du chat de changer de rame pour apaiser les tensions. \u00ab\u00a0Une solution de savoir-vivre qu\u2019elle a malheureusement refus\u00e9e\u00a0\u00bb, regrette la SNCF. D\u2019apr\u00e8s les t\u00e9moins, la femme incrimin\u00e9e aurait m\u00eame pr\u00e9tendu \u00ab\u00a0\u00eatre magistrate\u00a0\u00bb pour justifier qu\u2019elle \u00e9tait dans son droit.<\/p>\n<p>Un tissu et l\u2019affaire \u00e9tait pli\u00e9e<\/p>\n<p>D\u2019apr\u00e8s un t\u00e9moin, la voyageuse aurait fini par couvrir le panier d\u2019un tissu, ce qui a fait cesser les miaulements. \u00ab\u00a0Alors, pourquoi ne pas l\u2019avoir fait plus t\u00f4t\u00a0?\u00a0\u00bb, s\u2019interroge le t\u00e9moin. \u00ab\u00a0Cette personne, si elle avait fait preuve d\u2019un minimum de bonne volont\u00e9, aurait pu \u00e9viter que tout cela arrive en faisant preuve d\u2019un peu de courtoisie et de savoir vivre. Au lieu de cela, elle se fait passer pour une victime\u00a0\u00bb, tacle le m\u00eame voyageur.<\/p>\n<p>La SNCF transporte environ 700.000 animaux \u00e0 bord de ses TGV et Intercit\u00e9s. Il faut simplement enregistrer l\u2019animal et lui prendre un billet moyennant sept euros par trajet.<\/p>\n","protected":false},"excerpt":{"rendered":"C\u2019est ce qu\u2019on appelle \u00ab\u00a0un retour de b\u00e2ton\u00a0\u00bb. En col\u00e8re apr\u00e8s avoir \u00e9t\u00e9 verbalis\u00e9e par des agents de&hellip;\n","protected":false},"author":2,"featured_media":351888,"comment_status":"","ping_status":"","sticky":false,"template":"","format":"standard","meta":{"footnotes":""},"categories":[2],"tags":[47,11,7087,1867,10831,829,7654,43848,1011,27,662,3729,12,626,35952,25,2215,104,2214,926,3165,586],"class_list":{"0":"post-351887","1":"post","2":"type-post","3":"status-publish","4":"format-standard","5":"has-post-thumbnail","7":"category-actualites","8":"tag-actualite","9":"tag-actualites","10":"tag-amende","11":"tag-animaux","12":"tag-bfmtv","13":"tag-bretagne","14":"tag-chat","15":"tag-contravention","16":"tag-fr","17":"tag-france","18":"tag-ile-de-france","19":"tag-morbihan","20":"tag-news","21":"tag-paris","22":"tag-pv","23":"tag-republique-francaise","24":"tag-sncf","25":"tag-societe","26":"tag-tgv","27":"tag-train","28":"tag-vannes","29":"tag-voyage"},"share_on_mastodon":{"url":"https:\/\/pubeurope.com\/@fr\/115111636844920509","error":""},"_links":{"self":[{"href":"https:\/\/www.europesays.com\/fr\/wp-json\/wp\/v2\/posts\/351887","targetHints":{"allow":["GET"]}}],"collection":[{"href":"https:\/\/www.europesays.com\/fr\/wp-json\/wp\/v2\/posts"}],"about":[{"href":"https:\/\/www.europesays.com\/fr\/wp-json\/wp\/v2\/types\/post"}],"author":[{"embeddable":true,"href":"https:\/\/www.europesays.com\/fr\/wp-json\/wp\/v2\/users\/2"}],"replies":[{"embeddable":true,"href":"https:\/\/www.europesays.com\/fr\/wp-json\/wp\/v2\/comments?post=351887"}],"version-history":[{"count":0,"href":"https:\/\/www.europesays.com\/fr\/wp-json\/wp\/v2\/posts\/351887\/revisions"}],"wp:featuredmedia":[{"embeddable":true,"href":"https:\/\/www.europesays.com\/fr\/wp-json\/wp\/v2\/media\/351888"}],"wp:attachment":[{"href":"https:\/\/www.europesays.com\/fr\/wp-json\/wp\/v2\/media?parent=351887"}],"wp:term":[{"taxonomy":"category","embeddable":true,"href":"https:\/\/www.europesays.com\/fr\/wp-json\/wp\/v2\/categories?post=351887"},{"taxonomy":"post_tag","embeddable":true,"href":"https:\/\/www.europesays.com\/fr\/wp-json\/wp\/v2\/tags?post=351887"}],"curies":[{"name":"wp","href":"https:\/\/api.w.org\/{rel}","templated":true}]}}