{"id":351893,"date":"2025-08-29T10:44:36","date_gmt":"2025-08-29T10:44:36","guid":{"rendered":"https:\/\/www.europesays.com\/fr\/351893\/"},"modified":"2025-08-29T10:44:36","modified_gmt":"2025-08-29T10:44:36","slug":"championnats-deurope-paragolf-le-point-sur-les-categories","status":"publish","type":"post","link":"https:\/\/www.europesays.com\/fr\/351893\/","title":{"rendered":"Championnats d&rsquo;Europe paragolf\u00a0: Le point sur les cat\u00e9gories"},"content":{"rendered":"<p>Depuis fin 2023, les cat\u00e9gories du paragolf ont donc chang\u00e9. Elles sont d\u00e9sormais au nombre de neuf. Trois d&rsquo;entre elles concernent les athl\u00e8tes debout, deux les handicaps mentaux et psychiques, deux les d\u00e9ficiences visuelles et deux le jeu en fauteuil. Par ailleurs, quatre blocs ont \u00e9t\u00e9 d\u00e9finis, qui traversent les neuf cat\u00e9gories mais dont le but est de mesurer l&rsquo;impact du handicap sur les performances.<\/p>\n<p>Ainsi, d\u00e9sormais, au <strong>championnat d&rsquo;Europe par \u00e9quipes paragolf<\/strong>, les quatre membres de chaque \u00e9quipe doivent \u00eatre chacun issus d&rsquo;un de ces quatre blocs, en plus de satisfaire une exigence de mixit\u00e9 (au minimum un homme et une femme dans chaque \u00e9quipe). La formule a \u00e9t\u00e9 appliqu\u00e9e pour la premi\u00e8re fois dans le championnat continental l&rsquo;an pass\u00e9, et par bonheur, l&rsquo;\u00e9quipe de France avait termin\u00e9 m\u00e9daill\u00e9e d&rsquo;or. En vertu de l&rsquo;alternance, elle d\u00e9fendra donc ce titre en 2026.<\/p>\n<p>Apr\u00e8s la d\u00e9finition de ces nouvelles cat\u00e9gories, une \u00e9tape ult\u00e9rieure pourrait \u00eatre l&rsquo;organisation d&rsquo;un <strong>championnat du monde paragolf<\/strong>, \u00e9preuve qui n&rsquo;a encore jamais eu lieu. En revanche, un classement mondial de la discipline est d\u00e9sormais en place, tenu par l&rsquo;<strong>USGA<\/strong> et le <strong>R&amp;A<\/strong>, les deux plus grosses institutions du golf mondial. <strong>Thomas Colombel<\/strong> y est le Fran\u00e7ais le mieux plac\u00e9, au 9e rang. Pour ce qui est des Jeux paralympiques, <strong>Aur\u00e9lien Lacour<\/strong>, r\u00e9f\u00e9rent paragolf au sein de la <strong>F\u00e9d\u00e9ration fran\u00e7aise de golf<\/strong>, est formel\u00a0: \u00ab\u00a0Si nous y entrons, ce sera forc\u00e9ment une \u00e9preuve par \u00e9quipes et mixte, sur le mod\u00e8le du championnat d&rsquo;Europe.\u00a0\u00bb<\/p>\n","protected":false},"excerpt":{"rendered":"Depuis fin 2023, les cat\u00e9gories du paragolf ont donc chang\u00e9. Elles sont d\u00e9sormais au nombre de neuf. Trois&hellip;\n","protected":false},"author":2,"featured_media":351894,"comment_status":"","ping_status":"","sticky":false,"template":"","format":"standard","meta":{"footnotes":""},"categories":[1418],"tags":[1011,27,1472,60],"class_list":{"0":"post-351893","1":"post","2":"type-post","3":"status-publish","4":"format-standard","5":"has-post-thumbnail","7":"category-golf","8":"tag-fr","9":"tag-france","10":"tag-golf","11":"tag-sports"},"share_on_mastodon":{"url":"https:\/\/pubeurope.com\/@fr\/115111648483934955","error":""},"_links":{"self":[{"href":"https:\/\/www.europesays.com\/fr\/wp-json\/wp\/v2\/posts\/351893","targetHints":{"allow":["GET"]}}],"collection":[{"href":"https:\/\/www.europesays.com\/fr\/wp-json\/wp\/v2\/posts"}],"about":[{"href":"https:\/\/www.europesays.com\/fr\/wp-json\/wp\/v2\/types\/post"}],"author":[{"embeddable":true,"href":"https:\/\/www.europesays.com\/fr\/wp-json\/wp\/v2\/users\/2"}],"replies":[{"embeddable":true,"href":"https:\/\/www.europesays.com\/fr\/wp-json\/wp\/v2\/comments?post=351893"}],"version-history":[{"count":0,"href":"https:\/\/www.europesays.com\/fr\/wp-json\/wp\/v2\/posts\/351893\/revisions"}],"wp:featuredmedia":[{"embeddable":true,"href":"https:\/\/www.europesays.com\/fr\/wp-json\/wp\/v2\/media\/351894"}],"wp:attachment":[{"href":"https:\/\/www.europesays.com\/fr\/wp-json\/wp\/v2\/media?parent=351893"}],"wp:term":[{"taxonomy":"category","embeddable":true,"href":"https:\/\/www.europesays.com\/fr\/wp-json\/wp\/v2\/categories?post=351893"},{"taxonomy":"post_tag","embeddable":true,"href":"https:\/\/www.europesays.com\/fr\/wp-json\/wp\/v2\/tags?post=351893"}],"curies":[{"name":"wp","href":"https:\/\/api.w.org\/{rel}","templated":true}]}}