{"id":351895,"date":"2025-08-29T10:46:11","date_gmt":"2025-08-29T10:46:11","guid":{"rendered":"https:\/\/www.europesays.com\/fr\/351895\/"},"modified":"2025-08-29T10:46:11","modified_gmt":"2025-08-29T10:46:11","slug":"rugby-a-7-pour-la-derniere-etape-du-supersevens-a-pau-lusap-se-presentera-avec-une-star-du-circuit-mondial","status":"publish","type":"post","link":"https:\/\/www.europesays.com\/fr\/351895\/","title":{"rendered":"Rugby \u00e0 7\u00a0: pour la derni\u00e8re \u00e9tape du Supersevens \u00e0 Pau, l\u2019USAP se pr\u00e9sentera avec une star du circuit mondial"},"content":{"rendered":"<p>\n                                                                Pr\u00f4nant une Catalanit\u00e9 sans fronti\u00e8re, les sang et or sont all\u00e9s chercher ce qui se fait de mieux en Seven de l\u2019autre c\u00f4t\u00e9 des Pyr\u00e9n\u00e9es\u00a0: Pol Pla. De quoi aborder cette derni\u00e8re \u00e9tape du Supersevens dans le B\u00e9arn avec ambition, et un seul objectif dans le viseur\u00a0: la qualification.\n                            <\/p>\n<p>Pol Pla, c\u2019est un peu le Antoine Dupont de la s\u00e9lection espagnole. L\u2019emp\u00eacheur de tourner en rond d\u2019un squad ib\u00e9rique auteur d\u2019une saison folle sur le circuit mondial du Seven World Series, avec une seconde place (devant l\u2019Afrique du Sud, finale perdue 19-5), dans le sillage de son ma\u00eetre \u00e0 jouer et capitaine de 32 ans.<\/p>\n<p>Bref, vous aurez compris le topo, le natif de Sant Cugat del Vall\u00e8s \u2013 qui a disput\u00e9 plus de 300 matches avec l\u2019Espagne (148 essais) et les Jeux olympiques 2016 \u00e0 Rio \u2013 est une v\u00e9ritable l\u00e9gende\u2026 qui a d\u00e9cid\u00e9 d\u2019\u00e9crire un nouveau chapitre de sa belle aventure avec l\u2019ovale de cuir en sang et or ce week-end \u00e0 Pau.<\/p>\n<p>Non, pas celui des \u00ab\u00a0Leones\u00a0\u00bb, mais bien de l\u2019USAP Sevens, donc\u00a0! \u00ab\u00a0C\u2019est un tr\u00e8s, tr\u00e8s grosse fiert\u00e9 de pouvoir compter Pol dans nos rangs pour la derni\u00e8re \u00e9tape, se satisfait l\u2019entra\u00eeneur usapiste Anthony Cabaj. Il y a quelques mois que nous sommes en contact, notamment gr\u00e2ce \u00e0 Jean-Luc Trogno, qui s\u2019occupe de la section seven de Barcelone. Et il a \u00e9t\u00e9 s\u00e9duit par le projet, ce lien de catalanit\u00e9 que nous voulons inculquer \u00e0 l\u2019USAP. Il aurait pu aller \u00e0 Monaco, comme il l\u2019a d\u00e9j\u00e0 fait par le pass\u00e9, mais il a d\u00e9clin\u00e9 et a pr\u00e9f\u00e9r\u00e9 venir chez nous, c\u2019est super. Josep Serres, \u00e9galement international espagnol, voulait venir, mais il est bless\u00e9. Mais, tous ces mecs qui nous rejoignent, \u00e7a nous motive, et nous donne envie de nous surpasser.\u00a0\u00bb<\/p>\n<p>\u00ab\u00a0Une demi-finale pourrait suffire\u00a0\u00bb<\/p>\n<p>Le surpassement sera le ma\u00eetre-mot pour des Roussillonnais contraints \u00e0 l\u2019exploit, pour esp\u00e9rer rallier l\u2019Arena et les finales en f\u00e9vrier prochain. \u00ab\u00a0Une demi-finale\u00a0pourrait suffire, mais c\u2019est le minimum\u2026 Nous avons notre destin entre les mains. L\u2019important sera de prendre les matches les uns apr\u00e8s les autres, car Toulouse, ce ne sera pas un tirage facile\u00a0\u00bb. Car, oui, le raccourci semblerait bien trop simple. Oui, le Stade Toulousain (match \u00e0 12\u00a0h\u00a018 ce samedi, NDLR), ce n\u2019est ni Pau, ni le MHR (en Seven, entendons-nous bien). Mais s\u2019il est bien une chose que le sport ne cesse de nous rappeler \u00e0 chaque week-end, c\u2019est qu\u2019une fois sur le pr\u00e9, impossible n\u2019est rien. \u00ab\u00a0Ils n\u2019ont peut-\u00eatre pas l\u2019exp\u00e9rience des sp\u00e9cialistes de la discipline, mais l\u2019an pass\u00e9, ils \u00e9taient dans les 8. Et puis, c\u2019est une fabrique de champions. Pour nous, aller chercher un quart ne serait pas anodin, nous ne l\u2019avons fait qu\u2019une fois en deux ans. Mais nous avons fait en sorte de construire un groupe qui soit et comp\u00e9titif, d\u2019exp\u00e9rience, avec le v\u00e9cu des deux premi\u00e8res \u00e9tapes, mais surtout plein de fra\u00eecheur. Les mecs ont \u00e9t\u00e9 bons \u00e0 Mont-de-Marsan et \u00e0 Dax, mais cette fra\u00eecheur suppl\u00e9mentaire peut nous apporter une plus value.\u00a0\u00bb<\/p>\n<p>En plus, donc, d\u2019un certain Pol Pla, qui esp\u00e8re bien faire souffler un vent\u2026 de fra\u00eecheur, et de triomphe, \u00e0 l\u2019USAP.<\/p>\n<p><strong>Le groupe\u00a0:<\/strong> Pierre Chastaing (Gruissan, F1), Yvan Delacruz (M\u00e2con, N2), Ga\u00ebl Escribe (Castelnaudary, F1), Mayron Fahy (USAP), Hugo Hacini (C\u00e9ret Sportif, F1), Samuel M\u2019Foudi (C\u00e9ret Sportif, F1), Louis Pastor (C\u00e9ret Sportif, F1), Cl\u00e9ment Nouzi\u00e8res (Salanque CR, F2), Ronan Perennou (Antony M\u00e9tro, F2), Emmanuel Quintane (Les Minots de Provence 7\u2019s), Cl\u00e9ment Rodor (AS Monaco Rugby, F2), Ronald Paull Sharma (USAP), Setareki Toganiyadrava (USAP), Romain Verdi\u00e9 (Decazeville, F2).<\/p>\n","protected":false},"excerpt":{"rendered":"Pr\u00f4nant une Catalanit\u00e9 sans fronti\u00e8re, les sang et or sont all\u00e9s chercher ce qui se fait de mieux&hellip;\n","protected":false},"author":2,"featured_media":351896,"comment_status":"","ping_status":"","sticky":false,"template":"","format":"standard","meta":{"footnotes":""},"categories":[1416],"tags":[1011,27,479,1468,60],"class_list":{"0":"post-351895","1":"post","2":"type-post","3":"status-publish","4":"format-standard","5":"has-post-thumbnail","7":"category-rugby","8":"tag-fr","9":"tag-france","10":"tag-rugby","11":"tag-rugby-football","12":"tag-sports"},"share_on_mastodon":{"url":"https:\/\/pubeurope.com\/@fr\/115111656488418134","error":""},"_links":{"self":[{"href":"https:\/\/www.europesays.com\/fr\/wp-json\/wp\/v2\/posts\/351895","targetHints":{"allow":["GET"]}}],"collection":[{"href":"https:\/\/www.europesays.com\/fr\/wp-json\/wp\/v2\/posts"}],"about":[{"href":"https:\/\/www.europesays.com\/fr\/wp-json\/wp\/v2\/types\/post"}],"author":[{"embeddable":true,"href":"https:\/\/www.europesays.com\/fr\/wp-json\/wp\/v2\/users\/2"}],"replies":[{"embeddable":true,"href":"https:\/\/www.europesays.com\/fr\/wp-json\/wp\/v2\/comments?post=351895"}],"version-history":[{"count":0,"href":"https:\/\/www.europesays.com\/fr\/wp-json\/wp\/v2\/posts\/351895\/revisions"}],"wp:featuredmedia":[{"embeddable":true,"href":"https:\/\/www.europesays.com\/fr\/wp-json\/wp\/v2\/media\/351896"}],"wp:attachment":[{"href":"https:\/\/www.europesays.com\/fr\/wp-json\/wp\/v2\/media?parent=351895"}],"wp:term":[{"taxonomy":"category","embeddable":true,"href":"https:\/\/www.europesays.com\/fr\/wp-json\/wp\/v2\/categories?post=351895"},{"taxonomy":"post_tag","embeddable":true,"href":"https:\/\/www.europesays.com\/fr\/wp-json\/wp\/v2\/tags?post=351895"}],"curies":[{"name":"wp","href":"https:\/\/api.w.org\/{rel}","templated":true}]}}