{"id":351897,"date":"2025-08-29T10:47:10","date_gmt":"2025-08-29T10:47:10","guid":{"rendered":"https:\/\/www.europesays.com\/fr\/351897\/"},"modified":"2025-08-29T10:47:10","modified_gmt":"2025-08-29T10:47:10","slug":"le-tournoi-atp-250-de-marseille-va-demenager-a-la-ldlc-arena-de-lyon-decines-en-2026-lequipe","status":"publish","type":"post","link":"https:\/\/www.europesays.com\/fr\/351897\/","title":{"rendered":"Le tournoi ATP 250 de Marseille va d\u00e9m\u00e9nager \u00e0 la LDLC Arena de Lyon-D\u00e9cines en 2026 &#8211; L&#039;\u00c9quipe"},"content":{"rendered":"<ol>\n<li><a href=\"https:\/\/news.google.com\/rss\/articles\/CBMizgFBVV95cUxQakNDMjVuYmo2cU1BcUMzU1lyR1J6Ympzd0RKcVk0RC16dlhsZHphakpLeHY3QjU1ZDF2QmZ3LTFOS2VUT3RuMC1XRGxZQU55TVNWYUtnNlgwczVnRkJZSElORm1ZRmtzUFVic28zTXlIQUJnNmpjam93bFRPU21qUjVZSk52Q2FkVnhxcFVDbWVjRUdwTnN4WFZxdUlkUkRNWVQwdEZONU8zZkMtY29sS21scW9pWU5xMlh3M3lMMHQ3TmpvS3pXNHpVRXBCUQ?oc=5\" target=\"_blank\" rel=\"nofollow noopener\">Le tournoi ATP 250 de Marseille va d\u00e9m\u00e9nager \u00e0 la LDLC Arena de Lyon-D\u00e9cines en 2026<\/a>&nbsp;&nbsp;L&rsquo;\u00c9quipe<\/li>\n<li><a href=\"https:\/\/news.google.com\/rss\/articles\/CBMi4AFBVV95cUxQV0lvQ2g4RWpZTnJvQjlqZXRrRXNPQ2pfaG93S1pQam95VmQ1eDYwcDZnMFpnT2w2eXVQeS13ZnRDaU53eG9tT3FMWWYyazFmT2lRaWlZVlhfV0k4Q1NCRUFScHczMkczdjNkc1VnWFJUWjNEd28tRXA1WW5KQ3JRNzNDN2k0OVRCNjd4T01HQU1zMDBxd0R4NnVyNVppVUlRUmo0N3RLQnNXMkU2bWdzNTVacXdkaW1jUE1FZ2xHZ0ZPRWxfYnFzZXkwOG9uZDRCNk9iYkRnZ3dWSm8wZDZZbA?oc=5\" target=\"_blank\" rel=\"nofollow noopener\">L&rsquo;ATP 250 de Marseille d\u00e9m\u00e9nage et aura lieu \u00e0 la LDLC Arena de Lyon-D\u00e9cines d\u00e8s 2026<\/a>&nbsp;&nbsp;Eurosport<\/li>\n<li><a href=\"https:\/\/news.google.com\/rss\/articles\/CBMitAFBVV95cUxOSm9vOUVTQW1yRmZzX3R0QlVhZEg5SXVVQnl1TUhWOE5XdEczTzJQX3lhVlBaQVRDbjhFS21UZnAtNHBwM2FGZ0trczdLVHJIaHhNR2VyWkhHX3FmS0VzUkprYjJjSzFOUDV1QTEwNDRDS3JPNUhTeUdNRXJKd3Rhbzd6cWtudnktVC11b0d4cXFyeWJrbWVaek56Y3ktaU9la2tIc2ZMdnl6S2l0WHdJd3lhTEE?oc=5\" target=\"_blank\" rel=\"nofollow noopener\">Lyon : un tournoi de tennis embl\u00e9matique va d\u00e9m\u00e9nager \u00e0 la LDLC Arena en 2026 !<\/a>&nbsp;&nbsp;lyonmag.com<\/li>\n<li><a href=\"https:\/\/news.google.com\/rss\/articles\/CBMiqAFBVV95cUxNcm5oOFY2LTRpNXVZX2ZLZi0zY3lwU1NJbWVlVmNLdmdTaTZHbjVraTVBQ2xiUmNUWVNmalk4aUtGODBmMlhHdkVnZk01SklMZHFvdEh6UGhhT0xNRE81X1lDMUlJQXBpWkZhZmZheUtVcEJMX1dDbk94anFob2JlZUg5N0pablk1dlA5d2RubndrN09FTnVjTkUtMl9TbUdiWk53Q3hnLXk?oc=5\" target=\"_blank\" rel=\"nofollow noopener\">Lyon : l&rsquo;Open de tennis de Provence d\u00e9m\u00e9nage \u00e0 la LDLC Arena d\u00e8s 2026<\/a>&nbsp;&nbsp;Lyon Capitale<\/li>\n<li><a href=\"https:\/\/news.google.com\/rss\/articles\/CBMigwFBVV95cUxOZ0tQUm1xd0VhYWlNdC1TYzVZdWx2Wm9zbUoxR3ZEZ3phRU1xRzE3cTNjNTdOclZIT0pkZERwZWRibjhDclY4aVNFbkhhR2o2a0FGNzV1RlB5cE5XQmpSOWNseC00OVcwOV8xWXM4b21rbUFyRnhWM3dFODRXdThONUs0NA?oc=5\" target=\"_blank\" rel=\"nofollow noopener\">Officiel : le tennis ATP fait son retour \u00e0 Lyon !<\/a>&nbsp;&nbsp;Tribune de Lyon<\/li>\n<\/ol>\n","protected":false},"excerpt":{"rendered":"Le tournoi ATP 250 de Marseille va d\u00e9m\u00e9nager \u00e0 la LDLC Arena de Lyon-D\u00e9cines en 2026&nbsp;&nbsp;L&rsquo;\u00c9quipe L&rsquo;ATP 250&hellip;\n","protected":false},"author":2,"featured_media":351898,"comment_status":"","ping_status":"","sticky":false,"template":"","format":"standard","meta":{"footnotes":""},"categories":[1415],"tags":[1011,27,60,1467],"class_list":{"0":"post-351897","1":"post","2":"type-post","3":"status-publish","4":"format-standard","5":"has-post-thumbnail","7":"category-tennis","8":"tag-fr","9":"tag-france","10":"tag-sports","11":"tag-tennis"},"share_on_mastodon":{"url":"https:\/\/pubeurope.com\/@fr\/115111660268909583","error":""},"_links":{"self":[{"href":"https:\/\/www.europesays.com\/fr\/wp-json\/wp\/v2\/posts\/351897","targetHints":{"allow":["GET"]}}],"collection":[{"href":"https:\/\/www.europesays.com\/fr\/wp-json\/wp\/v2\/posts"}],"about":[{"href":"https:\/\/www.europesays.com\/fr\/wp-json\/wp\/v2\/types\/post"}],"author":[{"embeddable":true,"href":"https:\/\/www.europesays.com\/fr\/wp-json\/wp\/v2\/users\/2"}],"replies":[{"embeddable":true,"href":"https:\/\/www.europesays.com\/fr\/wp-json\/wp\/v2\/comments?post=351897"}],"version-history":[{"count":0,"href":"https:\/\/www.europesays.com\/fr\/wp-json\/wp\/v2\/posts\/351897\/revisions"}],"wp:featuredmedia":[{"embeddable":true,"href":"https:\/\/www.europesays.com\/fr\/wp-json\/wp\/v2\/media\/351898"}],"wp:attachment":[{"href":"https:\/\/www.europesays.com\/fr\/wp-json\/wp\/v2\/media?parent=351897"}],"wp:term":[{"taxonomy":"category","embeddable":true,"href":"https:\/\/www.europesays.com\/fr\/wp-json\/wp\/v2\/categories?post=351897"},{"taxonomy":"post_tag","embeddable":true,"href":"https:\/\/www.europesays.com\/fr\/wp-json\/wp\/v2\/tags?post=351897"}],"curies":[{"name":"wp","href":"https:\/\/api.w.org\/{rel}","templated":true}]}}