{"id":351899,"date":"2025-08-29T10:49:14","date_gmt":"2025-08-29T10:49:14","guid":{"rendered":"https:\/\/www.europesays.com\/fr\/351899\/"},"modified":"2025-08-29T10:49:14","modified_gmt":"2025-08-29T10:49:14","slug":"quand-jattaque-cest-la-que-je-suis-a-laise","status":"publish","type":"post","link":"https:\/\/www.europesays.com\/fr\/351899\/","title":{"rendered":"Quand j&rsquo;attaque, c&rsquo;est l\u00e0 que je suis \u00e0 l&rsquo;aise"},"content":{"rendered":"<p>Cela fait maintenant plus de trois mois que <a href=\"https:\/\/fr.motorsport.com\/driver\/marc-marquez\/92646\/\" target=\"_blank\" rel=\"noopener\">Marc M\u00e1rquez<\/a> est invaincu en MotoGP. Depuis le succ\u00e8s de <a href=\"https:\/\/fr.motorsport.com\/driver\/marco-bezzecchi\/441839\/\" target=\"_blank\" rel=\"noopener\">Marco Bezzecchi<\/a> au GP de Grande-Bretagne, le pilote Ducati a remport\u00e9 sept sprints et sept courses principales, ce qui lui a permis de se forger une tr\u00e8s solide avance au championnat, \u00e0 tel point qu&rsquo;un titre d\u00e8s Misano est d\u00e9sormais possible.<\/p>\n<p>M\u00e1rquez tient \u00e0 savourer chaque instant de sa forme actuelle. Dominateur jusqu&rsquo;en 2019 puis contraint \u00e0 une longue p\u00e9riode de disette apr\u00e8s sa blessure de 2020, l&rsquo;Espagnol est particuli\u00e8rement bien plac\u00e9 pour savoir que le succ\u00e8s n&rsquo;est jamais une garantie. Pendant le week-end du Balaton Park, il a <a href=\"https:\/\/fr.motorsport.com\/motogp\/news\/marc-marquez-surpris-domination-pas-normal\/10752846\/\" target=\"_blank\" rel=\"noopener\">insist\u00e9 sur le fait que sa domination ne peut pas \u00eatre consid\u00e9r\u00e9e comme la norme<\/a>, et apr\u00e8s une nouvelle victoire dimanche, il a assur\u00e9 que l&rsquo;impression de facilit\u00e9 qu&rsquo;il d\u00e9gage n&rsquo;est qu&rsquo;une illusion.<\/p>\n<p>\u00ab\u00a0Ce n&rsquo;est jamais facile\u00a0\u00bb, a insist\u00e9 M\u00e1rquez en conf\u00e9rence de presse. \u00ab\u00a0J&rsquo;essaie toujours de me dire que je vis un r\u00eave. Ce n&rsquo;est pas normal de gagner 14 fois d&rsquo;affil\u00e9e, en comptant les sprints et les courses principales.\u00a0Ce week-end, j&rsquo;\u00e9tais tr\u00e8s \u00e0 l&rsquo;aise mais en Autriche, Bezzecchi a beaucoup attaqu\u00e9 dans les premiers tours, puis Ferm\u00edn [Aldeguer] remontait. \u00c7a peut arriver le week-end prochain en Catalogne.\u00a0\u00bb<\/p>\n<p>\u00ab\u00a0Pour moi, le plus important est d&rsquo;\u00eatre performant dans toutes les conditions, sur tous les circuits, sur diff\u00e9rents trac\u00e9s, et d&rsquo;\u00eatre tout le temps dans le top 3. Le moment viendra, un samedi ou un dimanche, o\u00f9 quelqu&rsquo;un sera plus rapide que moi. Il faudra l&rsquo;accepter et finir la course.\u00a0\u00bb\u00a0<\/p>\n<p>   <img decoding=\"async\" draggable=\"false\" src=\"https:\/\/www.europesays.com\/fr\/wp-content\/uploads\/2025\/08\/1756464553_94_marc-marquez-ducati-team.jpg\" alt=\"Marc Marquez, Ducati Team\" width=\"1200\" height=\"800\" loading=\"lazy\"\/> <\/p>\n<p class=\"title\">Marc M\u00e1rquez n&rsquo;a pas de concurrent en ce moment en MotoGP.<\/p>\n<p class=\"photographer\">Photo de: MotoGP<\/p>\n<p>M\u00e1rquez a beau s&rsquo;opposer \u00e0 l&rsquo;id\u00e9e d&rsquo;une domination facile, il reconnaissait au GP d&rsquo;Autriche <a href=\"https:\/\/fr.motorsport.com\/motogp\/news\/marc-marquez-sais-pas-marge\/10752287\/\" target=\"_blank\" rel=\"noopener\">ne pas vraiment savoir quelle est la marge dont il dispose sur ses concurrents<\/a>. Aussi paradoxal que cela puisse para\u00eetre, c&rsquo;est en \u00e9tant agressif qu&rsquo;il peut rester concentr\u00e9, ce qui s&rsquo;est vu au Balaton Park, quand il a \u00e9t\u00e9 doubl\u00e9 Marco Bezzecchi et <a href=\"https:\/\/fr.motorsport.com\/driver\/franco-morbidelli\/109417\/\" target=\"_blank\" rel=\"noopener\">Franco Morbidelli<\/a> au d\u00e9part, mais n&rsquo;a pas renonc\u00e9 \u00e0 jouer la victoire.<\/p>\n<p>\u00ab\u00a0Mon principal objectif est de rester concentr\u00e9. Pour rester concentr\u00e9, je dois rester au m\u00eame niveau. Quand j&rsquo;attaque, c&rsquo;est l\u00e0 que je suis \u00e0 l&rsquo;aise. Il y aura des circuits, comme le prochain en Catalogne, o\u00f9 je ne serai peut-\u00eatre pas le plus rapide et c&rsquo;est l\u00e0 qu&rsquo;il faudra l&rsquo;accepter, mais on verra.\u00a0\u00bb<\/p>\n<p>Une dynamique \u00e0 pr\u00e9server<\/p>\n<p>Et lorsqu&rsquo;il est interrog\u00e9 sur la perspective de 2027, ann\u00e9e qui verra l&rsquo;introduction d&rsquo;une nouvelle g\u00e9n\u00e9ration de motos mais pour laquelle il n&rsquo;a pas encore de contrat, M\u00e1rquez dit pr\u00e9f\u00e9rer prendre les championnats \u00ab\u00a0les uns apr\u00e8s les autres\u00a0\u00bb. Il juge nocif de se projeter \u00e0 trop long terme et toujours craintif des erreurs de d\u00e9concentration qu&rsquo;il a parfois pu commettre, encore <a href=\"https:\/\/fr.motorsport.com\/motogp\/news\/marquez-favori-hante-erreurs-austin-jerez\/10729828\/\" target=\"_blank\" rel=\"noopener\">cette ann\u00e9e \u00e0 Austin ou \u00e0 Jerez<\/a>.<\/p>\n<p>\u00ab\u00a0Il faut d&rsquo;abord [conclure] 2025, puis on pensera \u00e0 2026. Je ne veux pas perdre cette dynamique, ma mentalit\u00e9 actuelle. Je suis rapide mais, avant, j&rsquo;\u00e9tais rapide et je faisais plus d&rsquo;erreurs. Maintenant, on dirait que toutes les situations sont plus sous contr\u00f4le.\u00a0\u00bb<\/p>\n<p>   <img decoding=\"async\" draggable=\"false\" src=\"https:\/\/www.europesays.com\/fr\/wp-content\/uploads\/2025\/08\/1756464554_453_marc-marquez-ducati-team.jpg\" alt=\"Marc Marquez, Ducati Team\" width=\"1200\" height=\"800\" loading=\"lazy\"\/> <\/p>\n<p class=\"title\">Marc M\u00e1rquez encha\u00eene les succ\u00e8s.<\/p>\n<p class=\"photographer\">Photo de: Qian Jun \/ MB Media via Getty Images<\/p>\n<p>\u00ab\u00a0Je suis \u00e9videmment \u00e0 la limite, on peut toujours faire des erreurs. C&rsquo;est pour \u00e7a que je veux que les courses continuent comme \u00e7a parce que \u00e7a sera la meilleure fa\u00e7on de d\u00e9buter 2026. Mais il reste beaucoup de courses, et 2027 est loin.\u00a0\u00bb\u00a0<\/p>\n<p>M\u00eame la saison 2026 reste loin dans l&rsquo;esprit de M\u00e1rquez, selon qui il est bien trop t\u00f4t pour consacrer ses efforts \u00e0 la prochaine campagne : \u00ab\u00a0Avant tout, il faut gagner le championnat. On a toujours l&rsquo;impression que \u00e7a se rapproche mais je veux le faire. Quand j&rsquo;aurai gagn\u00e9 2025, je travaillerai sur 2026.\u00a0\u00bb<\/p>\n<p>Lire aussi :<\/p>\n<p>Dans cet article<\/p>\n<p>Soyez le premier inform\u00e9 et souscrivez aux alertes mails pour recevoir les infos en temps r\u00e9el<\/p>\n<p>    S&rsquo;abonner aux alertes de news<\/p>\n","protected":false},"excerpt":{"rendered":"Cela fait maintenant plus de trois mois que Marc M\u00e1rquez est invaincu en MotoGP. Depuis le succ\u00e8s de&hellip;\n","protected":false},"author":2,"featured_media":351900,"comment_status":"","ping_status":"","sticky":false,"template":"","format":"standard","meta":{"footnotes":""},"categories":[1413],"tags":[48858,4950,1011,27,5038,1457,1456,1458,48857,60],"class_list":{"0":"post-351899","1":"post","2":"type-post","3":"status-publish","4":"format-standard","5":"has-post-thumbnail","7":"category-moto","8":"tag-cest-lu00e0-que-je-suis-u00e0-laise","9":"tag-ducati-team","10":"tag-fr","11":"tag-france","12":"tag-marc-mu00e1rquez","13":"tag-moto","14":"tag-motocycle","15":"tag-motogp","16":"tag-mu00e1rquez-reste-concentru00e9u00a0-quand-jattaque","17":"tag-sports"},"share_on_mastodon":{"url":"https:\/\/pubeurope.com\/@fr\/115111668556832923","error":""},"_links":{"self":[{"href":"https:\/\/www.europesays.com\/fr\/wp-json\/wp\/v2\/posts\/351899","targetHints":{"allow":["GET"]}}],"collection":[{"href":"https:\/\/www.europesays.com\/fr\/wp-json\/wp\/v2\/posts"}],"about":[{"href":"https:\/\/www.europesays.com\/fr\/wp-json\/wp\/v2\/types\/post"}],"author":[{"embeddable":true,"href":"https:\/\/www.europesays.com\/fr\/wp-json\/wp\/v2\/users\/2"}],"replies":[{"embeddable":true,"href":"https:\/\/www.europesays.com\/fr\/wp-json\/wp\/v2\/comments?post=351899"}],"version-history":[{"count":0,"href":"https:\/\/www.europesays.com\/fr\/wp-json\/wp\/v2\/posts\/351899\/revisions"}],"wp:featuredmedia":[{"embeddable":true,"href":"https:\/\/www.europesays.com\/fr\/wp-json\/wp\/v2\/media\/351900"}],"wp:attachment":[{"href":"https:\/\/www.europesays.com\/fr\/wp-json\/wp\/v2\/media?parent=351899"}],"wp:term":[{"taxonomy":"category","embeddable":true,"href":"https:\/\/www.europesays.com\/fr\/wp-json\/wp\/v2\/categories?post=351899"},{"taxonomy":"post_tag","embeddable":true,"href":"https:\/\/www.europesays.com\/fr\/wp-json\/wp\/v2\/tags?post=351899"}],"curies":[{"name":"wp","href":"https:\/\/api.w.org\/{rel}","templated":true}]}}