{"id":351901,"date":"2025-08-29T10:50:15","date_gmt":"2025-08-29T10:50:15","guid":{"rendered":"https:\/\/www.europesays.com\/fr\/351901\/"},"modified":"2025-08-29T10:50:15","modified_gmt":"2025-08-29T10:50:15","slug":"live-f1-gp-des-pays-bas-la-premiere-journee-en-direct-motorsport-com","status":"publish","type":"post","link":"https:\/\/www.europesays.com\/fr\/351901\/","title":{"rendered":"LIVE F1 &#8211; GP des Pays-Bas : la premi\u00e8re journ\u00e9e en direct &#8211; Motorsport.com"},"content":{"rendered":"<ol>\n<li><a href=\"https:\/\/news.google.com\/rss\/articles\/CBMipAFBVV95cUxPOVZIQXEwMVRvSm5HRjRLWnJoUTM0bUFHX2tUei1peE04c3ZuVnFDcVRzX0Z1Q19TNWE2MDVxS3F1V0c5bzRfX2lTZG1xMlc3ZXBmSk5nMTczLVk4Rnp2bXg0NjBxMDdGajQxWkRpYU0wVm9lNzZLcEhFLTAzNW5FSUUtZ2l5QjZqc1hZeXRWck5JYmVNaW1YWkJ4SjhOZXVtVlF3VA?oc=5\" target=\"_blank\" rel=\"nofollow noopener\">LIVE F1 &#8211; GP des Pays-Bas : la premi\u00e8re journ\u00e9e en direct<\/a>&nbsp;&nbsp;Motorsport.com<\/li>\n<li><a href=\"https:\/\/news.google.com\/rss\/articles\/CBMiqwJBVV95cUxQQjlEUjBINXhRNkg4X1BweU5fVHVOZEVQZVd3dEhFRWlxa0FlejlQZ0U4VUhjYUpmWTlvWndfTDlxZ2xiaFJTUWU4RWFMLXRyeW5VRnhiS21ja1JLbjU1WjBQS3QwR0FnUEdNc0djcC1ObUlidEI4VGs0djR4V0NIeXg5Y193ZzJJb2xTVUlDZ0llOUJoR094OUdZSU1HaVRQVVFFeWdCYXBxel9aQTl1VDB3ZTgwcFdqdU9KTVZMWXZJMTZMMUNpcm1TdXpBUDhwNFplU1FSN05mUVU3al8tUWJEbHhjc09iRF9nVTU0R295bWtYTnBRd1dSUzY4c1pYZkdGVVNLT2RvbEl2UG54M2xxRGpzXzJ6cEpOUUhOT282OFU2TktkcXZQOA?oc=5\" target=\"_blank\" rel=\"nofollow noopener\">Comment McLaren se pr\u00e9pare (aussi) \u00e0 perdre<\/a>&nbsp;&nbsp;Eurosport<\/li>\n<li><a href=\"https:\/\/news.google.com\/rss\/articles\/CBMi0wJBVV95cUxPVG1fMVNWU292U3phZDhHSVN0WE9LN1hBa0VqRU85MGJBb0plNHpmVlZ4bVNRRnlLNHQ5RWpJOGFmajZ1ZlhyMWdESWlnZkJKOFdVY0FydmJ3SzdFaS1jN0pFSVFXaVVHdzIyZ0xYbmtIdnFvbEl3SnE4TmhqeVdJN3pqVk43dWF5MDFZWXJNUWVZV0N0NXJyeW5uYUpyZmowaHBkc3hacXREa1FYUy1XdVYwcUhqWV9kX3h4RXRSRUc5dTh5YnJNdF9jSnIwMzhXTDdpSmVDakEyN0RLcFVqQ0M0alFJVWZfTU9jcFlvaWxYeE5ibTYyLTdMaXZFU1pTOGN5S011V3N5YzJybW9nMXJzWFBHLTAzbm1teXBGZS1GbVRQeE9jTXFEc1ZrRTllRG5QaHhhUWJheXF3M2ZFYmV3eXpOVjlLQWgycC11MXJIdTg?oc=5\" target=\"_blank\" rel=\"nofollow noopener\">Grand Prix F1 des Pays-Bas 2025 : programme TV complet et cha\u00eenes, offres et codes promo sur des produits officiels pour f\u00eater le retour de la F1 !<\/a>&nbsp;&nbsp;Le Parisien<\/li>\n<li><a href=\"https:\/\/news.google.com\/rss\/articles\/CBMi_AFBVV95cUxNNGlyTEplZkUtYnBjbC04a2JtT0ZocGVTTGVyS2NaM2stTG9YTzJ1OUsxRThDaFpidUlVa1Y1V1J2SUxaYk8yRnAyMERsSF92NWV0UGpFR0pITjVqbUlhbUpjYWdTeUFGV2VrN2h5Sm95amF0SE5IcnFxb2d4cmNjNjhmdW05V1ZIUWhmWURkeEV5WE12T3JUTkRhRTl5WEZjYlJrV0h1bVBtWmtvWTY0VFZORi0zRFJqYlFveWtoZ2R2VGFuNHdfMVhWQ0RkcDg5X2JQUzQ3M19nczh1aDRJM000T2NfMGZ2Q05pbkE1Um9sd0t4Q2lSYU0yQUE?oc=5\" target=\"_blank\" rel=\"nofollow noopener\">Comment la pluie \u00e0 Zandvoort pourrait (peut-\u00eatre) permettre \u00e0 certains pilotes peu en r\u00e9ussite de revenir dans la lumi\u00e8re<\/a>&nbsp;&nbsp;L&rsquo;\u00c9quipe<\/li>\n<li><a href=\"https:\/\/news.google.com\/rss\/articles\/CBMirwFBVV95cUxQcThNYnFXcmVCM2loQXF4LWR5RWUwZ0VKeXFpakRZaGVHeEdLOUlmdnNJME9nbWdJVG5GY0Q4dl9KNEhPeEYzS3YzRS1kTktYbENYTExUb0tuTk9udTdhWlBrdEVvMHhJakRfUDZMNjVtS1oybHpDQmtPSDV6dDJtNG5WUUw5UktUdVM1RUNESEFuOV9nZGRyMG16WHIzU3FVTXdhVVZDakswWGtGS1ZF?oc=5\" target=\"_blank\" rel=\"nofollow noopener\">Formule 1. Grand Prix des Pays-Bas : \u00e0 domicile, Max Verstappen veut croire au renouveau<\/a>&nbsp;&nbsp;DNA<\/li>\n<\/ol>\n","protected":false},"excerpt":{"rendered":"LIVE F1 &#8211; GP des Pays-Bas : la premi\u00e8re journ\u00e9e en direct&nbsp;&nbsp;Motorsport.com Comment McLaren se pr\u00e9pare (aussi) \u00e0&hellip;\n","protected":false},"author":2,"featured_media":351902,"comment_status":"","ping_status":"","sticky":false,"template":"","format":"standard","meta":{"footnotes":""},"categories":[1412],"tags":[1451,1452,1453,1454,1455,1011,27,60],"class_list":{"0":"post-351901","1":"post","2":"type-post","3":"status-publish","4":"format-standard","5":"has-post-thumbnail","7":"category-f1","8":"tag-f1","9":"tag-formula-1","10":"tag-formula1","11":"tag-formule-1","12":"tag-formule1","13":"tag-fr","14":"tag-france","15":"tag-sports"},"share_on_mastodon":{"url":"https:\/\/pubeurope.com\/@fr\/115111672159374695","error":""},"_links":{"self":[{"href":"https:\/\/www.europesays.com\/fr\/wp-json\/wp\/v2\/posts\/351901","targetHints":{"allow":["GET"]}}],"collection":[{"href":"https:\/\/www.europesays.com\/fr\/wp-json\/wp\/v2\/posts"}],"about":[{"href":"https:\/\/www.europesays.com\/fr\/wp-json\/wp\/v2\/types\/post"}],"author":[{"embeddable":true,"href":"https:\/\/www.europesays.com\/fr\/wp-json\/wp\/v2\/users\/2"}],"replies":[{"embeddable":true,"href":"https:\/\/www.europesays.com\/fr\/wp-json\/wp\/v2\/comments?post=351901"}],"version-history":[{"count":0,"href":"https:\/\/www.europesays.com\/fr\/wp-json\/wp\/v2\/posts\/351901\/revisions"}],"wp:featuredmedia":[{"embeddable":true,"href":"https:\/\/www.europesays.com\/fr\/wp-json\/wp\/v2\/media\/351902"}],"wp:attachment":[{"href":"https:\/\/www.europesays.com\/fr\/wp-json\/wp\/v2\/media?parent=351901"}],"wp:term":[{"taxonomy":"category","embeddable":true,"href":"https:\/\/www.europesays.com\/fr\/wp-json\/wp\/v2\/categories?post=351901"},{"taxonomy":"post_tag","embeddable":true,"href":"https:\/\/www.europesays.com\/fr\/wp-json\/wp\/v2\/tags?post=351901"}],"curies":[{"name":"wp","href":"https:\/\/api.w.org\/{rel}","templated":true}]}}