{"id":351905,"date":"2025-08-29T10:52:10","date_gmt":"2025-08-29T10:52:10","guid":{"rendered":"https:\/\/www.europesays.com\/fr\/351905\/"},"modified":"2025-08-29T10:52:10","modified_gmt":"2025-08-29T10:52:10","slug":"je-prefere-la-declaration-forte-de-nasser-al-khelaifi-sur-le-ballon-dor","status":"publish","type":"post","link":"https:\/\/www.europesays.com\/fr\/351905\/","title":{"rendered":"\u00ab\u00a0Je pr\u00e9f\u00e8re&#8230;\u00a0\u00bb, la d\u00e9claration forte de Nasser Al-Khela\u00effi sur le Ballon d&rsquo;Or !"},"content":{"rendered":"<p>Le moment tant attendu approche \u00e0 grand<br \/>\npas. Dans un peu moins d&rsquo;un mois, le 22 septembre prochain, le nom<br \/>\ndu Ballon d&rsquo;Or France Football 2025 sera connu par la plan\u00e8te<br \/>\nfootball.<\/p>\n<p>Le laur\u00e9at sera connu lors d\u2019une c\u00e9r\u00e9monie \u00e0 Paris au Th\u00e9\u00e2tre du<br \/>\nChatelet. Les deux premiers du classement seront sauf surprise le<br \/>\njoueur du Paris Saint-Germain Ousmane Demb\u00e9l\u00e9 et celui du FC<br \/>\nBarcelone Lamine Yamal.<\/p>\n<p>Le num\u00e9ro 10 du club de la capitale est consid\u00e9r\u00e9 comme le grand<br \/>\nfavori apr\u00e8s sa saison fantastique sur le plan collectif et<br \/>\nindividuel. Malgr\u00e9 la concurrence, l\u2019international fran\u00e7ais est le<br \/>\ngrand chouchou de son pr\u00e9sident Nasser Al-Khelaifi qui lui a encore<br \/>\napport\u00e9 son soutien ce jeudi soir \u00e0 Monaco apr\u00e8s le tirage au sort<br \/>\nde la C1.<\/p>\n<blockquote class=\"twitter-tweet\"><p><a class=\"twitter-link\" rel=\"noindex, nofollow noopener\" href=\"https:\/\/twitter.com\/beinsports_FR\/status\/1961150672511938796\" target=\"_blank\"><\/p><\/blockquote>\n<p>\u00ab\u00a0Vous aimez Lamine Yamal ? J\u2019aime bien Demb\u00e9l\u00e9 !<br \/>\nPensez-vous qu\u2019il sera le favori pour le Ballon d\u2019Or ? Oui, c\u2019est<br \/>\ns\u00fbr. C\u2019est un joueur extraordinaire qui travaille vraiment pour<br \/>\nl\u2019\u00e9quipe. C\u2019est aussi une personne incroyable. Et puis, je pense<br \/>\nque vous le savez tous, vous. Alors j\u2019esp\u00e8re que tout le monde<br \/>\ndonnera son opinion honn\u00eate sur ce sujet,\u00a0\u00bb a-t-il l\u00e2ch\u00e9<br \/>\nen zone mixte.<\/p>\n<p><strong>Une l\u00e9gende du Bar\u00e7a vote Demb\u00e9l\u00e9\u00a0<\/strong><\/p>\n<p>Ousmane Demb\u00e9l\u00e9 peut entrer dans l\u2019histoire le 22 septembre<br \/>\nprochain en devenant le 6e joueur fran\u00e7ais \u00e0 glaner la r\u00e9compense.<br \/>\nL\u2019ancien joueur du FC Barcelone fait quasiment l\u2019unanimit\u00e9 aupr\u00e8s<br \/>\ndes diff\u00e9rents observateurs.<\/p>\n<blockquote class=\"twitter-tweet\"><p><a class=\"twitter-link\" rel=\"noindex, nofollow noopener\" href=\"https:\/\/twitter.com\/ActuFoot_\/status\/1960695594965500098\" target=\"_blank\"><\/p><\/blockquote>\n<p>Interrog\u00e9 en conf\u00e9rence de presse sur le sujet la l\u00e9gende du<br \/>\nBar\u00e7a Sergio Busquets et ancien co\u00e9quipier de Demb\u00e9l\u00e9 esp\u00e8re que le<br \/>\nFran\u00e7ais remportera le titre devant Lamine Yamal et Raphinha.<br \/>\n\u00ab\u00a0Ousmane Demb\u00e9l\u00e9 a fait une grande saison. ll a \u00e9t\u00e9 un<br \/>\npeu bless\u00e9 mais il a \u00e9t\u00e9 bien meilleur et plus r\u00e9gulier que les<br \/>\nautres ann\u00e9es. Nous savons le joueur qu\u2019il est, la diff\u00e9rence qu\u2019il<br \/>\nfait, ce qu\u2019il peut faire. J\u2019esp\u00e8re qu\u2019Ousmane pourra gagner<br \/>\nle\u00a0Ballon d\u2019or,\u00a0\u00bb a-t-il l\u00e2ch\u00e9.<\/p>\n<p>Avant de poursuivre : \u00ab\u00a0J\u2019ai aussi des co\u00e9quipiers<br \/>\n(espagnols) au Bar\u00e7a qui le m\u00e9ritent \u00e9galement, mais je ne sais pas<br \/>\nce que ceux qui votent vont d\u00e9cider et ce qui va pr\u00e9valoir,<br \/>\nnotamment le fait d\u2019avoir gagn\u00e9 un titre aussi important que<br \/>\nla\u00a0Ligue des champions.\u00a0\u00bb<\/p>\n<p><script async src=\"https:\/\/platform.twitter.com\/widgets.js\" charset=\"utf-8\"><\/script><\/p>\n","protected":false},"excerpt":{"rendered":"Le moment tant attendu approche \u00e0 grand pas. Dans un peu moins d&rsquo;un mois, le 22 septembre prochain,&hellip;\n","protected":false},"author":2,"featured_media":351906,"comment_status":"","ping_status":"","sticky":false,"template":"","format":"standard","meta":{"footnotes":""},"categories":[1410],"tags":[63,1011,27,60],"class_list":{"0":"post-351905","1":"post","2":"type-post","3":"status-publish","4":"format-standard","5":"has-post-thumbnail","7":"category-football","8":"tag-football","9":"tag-fr","10":"tag-france","11":"tag-sports"},"share_on_mastodon":{"url":"https:\/\/pubeurope.com\/@fr\/115111680008668188","error":""},"_links":{"self":[{"href":"https:\/\/www.europesays.com\/fr\/wp-json\/wp\/v2\/posts\/351905","targetHints":{"allow":["GET"]}}],"collection":[{"href":"https:\/\/www.europesays.com\/fr\/wp-json\/wp\/v2\/posts"}],"about":[{"href":"https:\/\/www.europesays.com\/fr\/wp-json\/wp\/v2\/types\/post"}],"author":[{"embeddable":true,"href":"https:\/\/www.europesays.com\/fr\/wp-json\/wp\/v2\/users\/2"}],"replies":[{"embeddable":true,"href":"https:\/\/www.europesays.com\/fr\/wp-json\/wp\/v2\/comments?post=351905"}],"version-history":[{"count":0,"href":"https:\/\/www.europesays.com\/fr\/wp-json\/wp\/v2\/posts\/351905\/revisions"}],"wp:featuredmedia":[{"embeddable":true,"href":"https:\/\/www.europesays.com\/fr\/wp-json\/wp\/v2\/media\/351906"}],"wp:attachment":[{"href":"https:\/\/www.europesays.com\/fr\/wp-json\/wp\/v2\/media?parent=351905"}],"wp:term":[{"taxonomy":"category","embeddable":true,"href":"https:\/\/www.europesays.com\/fr\/wp-json\/wp\/v2\/categories?post=351905"},{"taxonomy":"post_tag","embeddable":true,"href":"https:\/\/www.europesays.com\/fr\/wp-json\/wp\/v2\/tags?post=351905"}],"curies":[{"name":"wp","href":"https:\/\/api.w.org\/{rel}","templated":true}]}}