{"id":351907,"date":"2025-08-29T10:53:09","date_gmt":"2025-08-29T10:53:09","guid":{"rendered":"https:\/\/www.europesays.com\/fr\/351907\/"},"modified":"2025-08-29T10:53:09","modified_gmt":"2025-08-29T10:53:09","slug":"cyril-feraud-annonce-quil-arrete-de-presenter-quatre-de-ses-emissions-sur-le-service-public-et-explique-les-raisons-de-cette-decision-surprise-quand-on-devient-papa-on-voit-les-choses-autrement","status":"publish","type":"post","link":"https:\/\/www.europesays.com\/fr\/351907\/","title":{"rendered":"Cyril F\u00e9raud annonce qu&rsquo;il arr\u00eate de pr\u00e9senter quatre de ses \u00e9missions sur le service public et explique les raisons de cette d\u00e9cision surprise : \u00ab\u00a0Quand on devient papa, on voit les choses autrement\u00a0\u00bb \u00ab\u00a0"},"content":{"rendered":"<p>A l&rsquo;heure o\u00f9 la majorit\u00e9 des animateurs se battent pour pr\u00e9senter le plus d&rsquo;\u00e9missions possibles, \u00e0 un moment o\u00f9 la majorit\u00e9 des stars de la t\u00e9l\u00e9 cumulent plusieurs \u00e9missions en radio et en t\u00e9l\u00e9, la d\u00e9marche de Cyril F\u00e9raud est pour le moins remarquable. Ainsi, ce matin dans le Parisien, l&rsquo;animateur vedette de France T\u00e9l\u00e9vision annonce qu&rsquo;il renonce \u00e0 la pr\u00e9sentation de 4 \u00e9missions sur les service public.<\/p>\n<p>&#8211; La Carte aux tr\u00e9sors \u00bb sur France 3, qu\u2019il avait relanc\u00e9e en 2018.<\/p>\n<p>&#8211; Le grand concours des r\u00e9gions sur France 3<\/p>\n<p>&#8211; Le Festival international du cirque de Monte-Carlo sur France 3<\/p>\n<p>&#8211; Le Quiz des champions sur France 2<\/p>\n<p>Aucun d\u00e9saccord, \u00e0 priori, avec la direction, mais plut\u00f4t un choix r\u00e9fl\u00e9chi et la volont\u00e9 de lever le pied pour le jeune papa :\u00a0<\/p>\n<p>\u00abJe suis tr\u00e8s pr\u00e9sent \u00e0 l\u2019antenne mais je ne veux pas l\u2019\u00eatre trop. J\u2019ai beaucoup r\u00e9fl\u00e9chi et \u00e9chang\u00e9 avec la direction de France T\u00e9l\u00e9visions qui m\u2019a accompagn\u00e9 dans ce choix. Je vais donc passer la main sur plusieurs \u00e9missions.<\/p>\n<p>J\u2019ai ador\u00e9 pr\u00e9senter La Carte aux tr\u00e9sors, par exemple, mais l\u2019\u00e9mission n\u00e9cessitait que je parte plusieurs semaines aux quatre coins de la France, loin de ma famille et de mon fils. Quand on devient papa, on voit les choses autrement.\u00a0\u00bb<\/p>\n<p>Cyril F\u00e9raud reste malgr\u00e9 tout aux commandes de \u00ab Tout le monde veut prendre sa place \u00bb sur France 2, et sa cr\u00e9ation \u00ab Duels en famille \u00bb sur France 3.<\/p>\n<p>En plus de la nouveaut\u00e9 \u00ab Intuition \u00bb, il continuera \u00e9galement d\u2019animer \u00ab 100 % logique \u00bb, \u00ab The Floor, \u00e0 la conqu\u00eate du sol \u00bb et le Grand spectacle du Festival interceltique de Lorient.<\/p>\n","protected":false},"excerpt":{"rendered":"A l&rsquo;heure o\u00f9 la majorit\u00e9 des animateurs se battent pour pr\u00e9senter le plus d&rsquo;\u00e9missions possibles, \u00e0 un moment&hellip;\n","protected":false},"author":2,"featured_media":351908,"comment_status":"","ping_status":"","sticky":false,"template":"","format":"standard","meta":{"footnotes":""},"categories":[1359],"tags":[12119,58,59,1011,27,48860,973,48859],"class_list":{"0":"post-351907","1":"post","2":"type-post","3":"status-publish","4":"format-standard","5":"has-post-thumbnail","7":"category-people","8":"tag-cyril-fu00e9raud","9":"tag-divertissement","10":"tag-entertainment","11":"tag-fr","12":"tag-france","13":"tag-france-tu00e9lu00e9vision","14":"tag-people","15":"tag-u00e9mission"},"share_on_mastodon":{"url":"https:\/\/pubeurope.com\/@fr\/115111683965738747","error":""},"_links":{"self":[{"href":"https:\/\/www.europesays.com\/fr\/wp-json\/wp\/v2\/posts\/351907","targetHints":{"allow":["GET"]}}],"collection":[{"href":"https:\/\/www.europesays.com\/fr\/wp-json\/wp\/v2\/posts"}],"about":[{"href":"https:\/\/www.europesays.com\/fr\/wp-json\/wp\/v2\/types\/post"}],"author":[{"embeddable":true,"href":"https:\/\/www.europesays.com\/fr\/wp-json\/wp\/v2\/users\/2"}],"replies":[{"embeddable":true,"href":"https:\/\/www.europesays.com\/fr\/wp-json\/wp\/v2\/comments?post=351907"}],"version-history":[{"count":0,"href":"https:\/\/www.europesays.com\/fr\/wp-json\/wp\/v2\/posts\/351907\/revisions"}],"wp:featuredmedia":[{"embeddable":true,"href":"https:\/\/www.europesays.com\/fr\/wp-json\/wp\/v2\/media\/351908"}],"wp:attachment":[{"href":"https:\/\/www.europesays.com\/fr\/wp-json\/wp\/v2\/media?parent=351907"}],"wp:term":[{"taxonomy":"category","embeddable":true,"href":"https:\/\/www.europesays.com\/fr\/wp-json\/wp\/v2\/categories?post=351907"},{"taxonomy":"post_tag","embeddable":true,"href":"https:\/\/www.europesays.com\/fr\/wp-json\/wp\/v2\/tags?post=351907"}],"curies":[{"name":"wp","href":"https:\/\/api.w.org\/{rel}","templated":true}]}}