{"id":351911,"date":"2025-08-29T10:55:10","date_gmt":"2025-08-29T10:55:10","guid":{"rendered":"https:\/\/www.europesays.com\/fr\/351911\/"},"modified":"2025-08-29T10:55:10","modified_gmt":"2025-08-29T10:55:10","slug":"avale-de-sephora-pondi-gout-double-liberation","status":"publish","type":"post","link":"https:\/\/www.europesays.com\/fr\/351911\/","title":{"rendered":"\u00abAvale\u00bb de S\u00e9phora Pondi\u00a0: go\u00fbt double \u2013 Lib\u00e9ration"},"content":{"rendered":"<p class=\"sc-ksZaOG ehjQrN text-element\">La narratrice s\u2019appelle Lame. Comme une lame de couteau, comme l\u2019\u00e2me et aussi comme lame, en anglais, \u00abestropi\u00e9e\u00bb. Car \u00e7a va mal finir, c\u2019est annonc\u00e9 d\u00e8s le d\u00e9but, \u00e0 cause de Tom, un blond falot, limite incel et atteint d\u2019\u00abhyperphagie\u00bb, qui fait une fixette sur elle.<\/p>\n<p class=\"sc-ksZaOG ehjQrN text-element\">\u00abLa nuit, j\u2019aime whiner dans les soir\u00e9es afro-carib\u00e9ennes de Paris, celles gratuites pour les filles. Elles me rappellent les f\u00eates familiales avant que le twerk ne devienne cool. Et au matin, je d\u00e9couvre \u00e0 l\u2019\u00e9cole la trag\u00e9die antique, nouveau tropisme.\u00bb Lame est une actrice d\u2019origine camerounaise, star de cin\u00e9ma \u00aben attente\u00bb et transfuge de classe : \u00abJe suis jeune, noire, grasse.\u00bb Objet m\u00e9diatique id\u00e9al, note-t-elle. \u00ab\u201cNe perds pas de poids\u201d, qu\u2019on me r\u00e9p\u00e8te. \u201cC\u2019est \u00e0 la mode en ce moment.\u201d\u00bb Toute ressemblance avec l\u2019autrice, S\u00e9phora Pondi, pensionnaire de la Com\u00e9die-Fran\u00e7aise depuis 2021 et acclam\u00e9e au printemps dernier dans <a href=\"https:\/\/www.liberation.fr\/culture\/scenes\/a-la-comedie-francaise-medee-mayday-20230525_Z6GCTJGOHNDWDMXS6L2QREK7HA\/\" target=\"_blank\" rel=\"noopener\" title=\"https:\/\/www.liberation.fr\/culture\/scenes\/a-la-comedie-francaise-medee-mayday-20230525_Z6GCTJGOHNDWDMXS6L2QREK7HA\/\">M\u00e9d\u00e9e<\/a>, est voulue ; mais son premier roman se tient \u00e0 bonne distance de l\u2019autofiction.<\/p>\n<p class=\"sc-ksZaOG ehjQrN text-element\">Il y a quatre p\u00f4les dans Avale : pass\u00e9 (2001-\u2026), pr\u00e9sent (juillet 2018), Tom et Lame. Le r\u00e9cit est construit en \u00abanatomie\u00bb du drame annonc\u00e9, racontant le parcour<\/p>\n","protected":false},"excerpt":{"rendered":"La narratrice s\u2019appelle Lame. Comme une lame de couteau, comme l\u2019\u00e2me et aussi comme lame, en anglais, \u00abestropi\u00e9e\u00bb.&hellip;\n","protected":false},"author":2,"featured_media":351912,"comment_status":"","ping_status":"","sticky":false,"template":"","format":"standard","meta":{"footnotes":""},"categories":[1357],"tags":[1379,10488,58,59,1011,27,1380],"class_list":{"0":"post-351911","1":"post","2":"type-post","3":"status-publish","4":"format-standard","5":"has-post-thumbnail","7":"category-livres","8":"tag-books","9":"tag-cahier-livres","10":"tag-divertissement","11":"tag-entertainment","12":"tag-fr","13":"tag-france","14":"tag-livres"},"share_on_mastodon":{"url":"https:\/\/pubeurope.com\/@fr\/115111691767168467","error":""},"_links":{"self":[{"href":"https:\/\/www.europesays.com\/fr\/wp-json\/wp\/v2\/posts\/351911","targetHints":{"allow":["GET"]}}],"collection":[{"href":"https:\/\/www.europesays.com\/fr\/wp-json\/wp\/v2\/posts"}],"about":[{"href":"https:\/\/www.europesays.com\/fr\/wp-json\/wp\/v2\/types\/post"}],"author":[{"embeddable":true,"href":"https:\/\/www.europesays.com\/fr\/wp-json\/wp\/v2\/users\/2"}],"replies":[{"embeddable":true,"href":"https:\/\/www.europesays.com\/fr\/wp-json\/wp\/v2\/comments?post=351911"}],"version-history":[{"count":0,"href":"https:\/\/www.europesays.com\/fr\/wp-json\/wp\/v2\/posts\/351911\/revisions"}],"wp:featuredmedia":[{"embeddable":true,"href":"https:\/\/www.europesays.com\/fr\/wp-json\/wp\/v2\/media\/351912"}],"wp:attachment":[{"href":"https:\/\/www.europesays.com\/fr\/wp-json\/wp\/v2\/media?parent=351911"}],"wp:term":[{"taxonomy":"category","embeddable":true,"href":"https:\/\/www.europesays.com\/fr\/wp-json\/wp\/v2\/categories?post=351911"},{"taxonomy":"post_tag","embeddable":true,"href":"https:\/\/www.europesays.com\/fr\/wp-json\/wp\/v2\/tags?post=351911"}],"curies":[{"name":"wp","href":"https:\/\/api.w.org\/{rel}","templated":true}]}}