{"id":351913,"date":"2025-08-29T10:56:17","date_gmt":"2025-08-29T10:56:17","guid":{"rendered":"https:\/\/www.europesays.com\/fr\/351913\/"},"modified":"2025-08-29T10:56:17","modified_gmt":"2025-08-29T10:56:17","slug":"la-riposte-cinglante-de-pascal-praud-a-eric-dupond-moretti-qui-une-fois-de-plus-sen-prend-a-cnews-quil-vienne-ici-au-lieu-de-parler-fort-a-lexterieur-sans-contradiction-vi","status":"publish","type":"post","link":"https:\/\/www.europesays.com\/fr\/351913\/","title":{"rendered":"La riposte cinglante de Pascal Praud \u00e0 \u00c9ric Dupond-Moretti qui, une fois de plus, s&rsquo;en prend \u00e0 Cnews : \u00ab\u00a0Qu\u2019il vienne ici au lieu de parler fort \u00e0 l\u2019ext\u00e9rieur sans contradiction !\u00a0\u00bb &#8211; Vid\u00e9o"},"content":{"rendered":"<p>\u00c9ric Dupond-Moretti n&rsquo;aime pas CNews, il le dit et le r\u00e9p\u00e8te depuis des mois dans les m\u00e9dias \u00ab\u00a0amis\u00a0\u00bb o\u00f9 il se rend ou lors de r\u00e9union et conf\u00e9rence comme hier\u00a0lors de l\u2019universit\u00e9 d\u2019\u00e9t\u00e9 du Medef\u00a0 \u00e0 l\u2019hippodrome de Longchamp. L\u2019ancien garde des Sceaux\u00a0estime sans doute que loin des probl\u00e8mes sociaux, \u00e9conomique, de s\u00e9curit\u00e9, le vrai probl\u00e8me pour les Fran\u00e7ais est CNews.<\/p>\n<p>Notons au passage qu&rsquo;il s&rsquo;est priv\u00e9 de rappeler que CNews, premi\u00e8re cha\u00eene info de France, r\u00e9alise sa meilleure rentr\u00e9e historique, creusant l&rsquo;\u00e9cart avec son principal concurrent qui se retrouve au plus bas.<\/p>\n<p>Mais l\u2019ancien garde des Sceaux\u00a0n&rsquo;en d\u00e9mord pas :\u00a0<\/p>\n<p>\u00ab\u00a0Il y a 1.000 crimes par an dans notre pays. Vous avez pour les cha\u00eenes d\u2019info en continu mati\u00e8re tous les jours \u00e0 nous parler d\u2019un crime et 50 fois dans la journ\u00e9e. Ce qui finit par \u00e0 la fois, et l\u00e9gitimement, nous inqui\u00e9ter, et \u00e7a nourrit l\u2019ins\u00e9curit\u00e9 pour ceux qui la vivent, mais aussi le sentiment d\u2019ins\u00e9curit\u00e9.\u00a0<\/p>\n<p>Monsieur Praud et ses amis finissent par cr\u00e9er dans les esprits quelque chose qui est assez d\u00e9l\u00e9t\u00e8re et qui ne nous donne pas envie d\u2019\u00eatre optimiste. Le d\u00e9bat public est tronqu\u00e9.\u00a0\u00bb<\/p>\n<p><strong>Alors hier soir, bien sur, Pascal Praud qui a \u00e9t\u00e9 clairement d\u00e9sign\u00e9 par\u00a0\u00c9ric Dupond-Moretti a pris la parole :<\/strong><\/p>\n<p>\u00ab\u00a0Il y a longtemps qu\u2019on n\u2019avait pas parl\u00e9 d\u2019\u00c9ric Dupond-Moretti, mais nous allons en parler, parce qu\u2019il a parl\u00e9 de nous. J\u2019ai invit\u00e9 \u00c9ric Dupond-Moretti, comme toujours. <\/p>\n<p>J\u2019ai envoy\u00e9 trois messages. Il ne m\u2019a m\u00eame pas r\u00e9pondu.Effectivement il n\u2019y a pas de quoi \u00eatre optimiste dans notre soci\u00e9t\u00e9. Notre m\u00e9tier est de t\u00e9moigner de la r\u00e9alit\u00e9. S\u2019il regardait notre \u00e9mission, nous parlons de toutes les actualit\u00e9s.<\/p>\n<p>Ce que je trouve tr\u00e8s d\u00e9plaisant, c\u2019est qu\u2019il nous cible. Ce n\u2019est pas agr\u00e9able, il nous met une cible dans le dos. Il nous tient responsable du climat, mais qu\u2019il vienne ici au lieu de parler fort \u00e0 l\u2019ext\u00e9rieur sans contradiction.\u00a0\u00bb<\/p>\n<p>\u00a0<\/p>\n<p>\u00a0<\/p>\n","protected":false},"excerpt":{"rendered":"\u00c9ric Dupond-Moretti n&rsquo;aime pas CNews, il le dit et le r\u00e9p\u00e8te depuis des mois dans les m\u00e9dias \u00ab\u00a0amis\u00a0\u00bb&hellip;\n","protected":false},"author":2,"featured_media":351914,"comment_status":"","ping_status":"","sticky":false,"template":"","format":"standard","meta":{"footnotes":""},"categories":[1356],"tags":[9722,58,59,10222,1011,27,10160,252,1364],"class_list":{"0":"post-351913","1":"post","2":"type-post","3":"status-publish","4":"format-standard","5":"has-post-thumbnail","7":"category-television","8":"tag-cnews","9":"tag-divertissement","10":"tag-entertainment","11":"tag-eric-dupond-moretti","12":"tag-fr","13":"tag-france","14":"tag-pascal-praud","15":"tag-television","16":"tag-tv"},"share_on_mastodon":{"url":"https:\/\/pubeurope.com\/@fr\/115111695808471223","error":""},"_links":{"self":[{"href":"https:\/\/www.europesays.com\/fr\/wp-json\/wp\/v2\/posts\/351913","targetHints":{"allow":["GET"]}}],"collection":[{"href":"https:\/\/www.europesays.com\/fr\/wp-json\/wp\/v2\/posts"}],"about":[{"href":"https:\/\/www.europesays.com\/fr\/wp-json\/wp\/v2\/types\/post"}],"author":[{"embeddable":true,"href":"https:\/\/www.europesays.com\/fr\/wp-json\/wp\/v2\/users\/2"}],"replies":[{"embeddable":true,"href":"https:\/\/www.europesays.com\/fr\/wp-json\/wp\/v2\/comments?post=351913"}],"version-history":[{"count":0,"href":"https:\/\/www.europesays.com\/fr\/wp-json\/wp\/v2\/posts\/351913\/revisions"}],"wp:featuredmedia":[{"embeddable":true,"href":"https:\/\/www.europesays.com\/fr\/wp-json\/wp\/v2\/media\/351914"}],"wp:attachment":[{"href":"https:\/\/www.europesays.com\/fr\/wp-json\/wp\/v2\/media?parent=351913"}],"wp:term":[{"taxonomy":"category","embeddable":true,"href":"https:\/\/www.europesays.com\/fr\/wp-json\/wp\/v2\/categories?post=351913"},{"taxonomy":"post_tag","embeddable":true,"href":"https:\/\/www.europesays.com\/fr\/wp-json\/wp\/v2\/tags?post=351913"}],"curies":[{"name":"wp","href":"https:\/\/api.w.org\/{rel}","templated":true}]}}