{"id":351915,"date":"2025-08-29T10:57:09","date_gmt":"2025-08-29T10:57:09","guid":{"rendered":"https:\/\/www.europesays.com\/fr\/351915\/"},"modified":"2025-08-29T10:57:09","modified_gmt":"2025-08-29T10:57:09","slug":"marguerite-star-academy-en-pleine-rupture-sur-la-chanson-delicate-les-avions","status":"publish","type":"post","link":"https:\/\/www.europesays.com\/fr\/351915\/","title":{"rendered":"Marguerite (Star Academy) en pleine rupture sur la chanson d\u00e9licate \u00ab\u00a0Les avions\u00a0\u00bb"},"content":{"rendered":"<p><img decoding=\"async\" src=\"https:\/\/www.europesays.com\/fr\/wp-content\/uploads\/2025\/08\/photo_1756392883.jpg\" class=\"textcenter img-content\" loading=\"lazy\"\/>Abaca<br \/>\n                <br \/>\nIl n&rsquo;y a pas que Marine qui fait des \u00e9mules aupr\u00e8s du grand public. Si la gagnante de la \u00ab\u00a0Star Academy\u00a0\u00bb rencontre d\u00e9j\u00e0 un beau succ\u00e8s avec son premier album <a href=\"https:\/\/www.chartsinfrance.net\/Marine\/news-133048.html\" target=\"_blank\" class=\"spip_out\" rel=\"nofollow noopener\">\u00ab\u00a0Coeur maladroit\u00a0\u00bb<\/a> (40.000 ventes en deux mois), une autre de ses camarades s&rsquo;appr\u00eate \u00e0 se jeter dans l&rsquo;ar\u00e8ne : Marguerite ! Arriv\u00e9e sixi\u00e8me du t\u00e9l\u00e9-crochet diffus\u00e9 sur TF1 \u00e0 l&rsquo;automne 2024, la chanteuse parisienne et apprentie com\u00e9dienne, <a href=\"https:\/\/www.chartsinfrance.net\/Star-Academy\/news-131309.html\" target=\"_blank\" class=\"spip_out\" rel=\"nofollow noopener\">vue au cin\u00e9ma dans le film \u00ab\u00a0Le m\u00e9lange des genres\u00a0\u00bb<\/a>, donne rendez-vous \u00e0 ses fans le 26 septembre pour la parution de <a href=\"https:\/\/www.chartsinfrance.net\/Marguerite\/news-133586.html\" target=\"_blank\" class=\"spip_out\" rel=\"nofollow noopener\">son premier projet \u00ab\u00a0Grandir\u00a0\u00bb<\/a>, un EP annonc\u00e9 comme tr\u00e8s intime. \u00ab J&rsquo;ai grandi dans un endroit qui avait ses qualit\u00e9s, ses d\u00e9fauts, mais qui avait le d\u00e9faut de faire taire les identit\u00e9s. (&#8230;) Cette \u00e9criture \u00e9tait un peu l&rsquo;endroit o\u00f9 je mettais tout ce que je pouvais pas trop dire ou ce que je ne pouvais pas montrer. Et maintenant que je n&rsquo;ai plus peur de le dire, j&rsquo;ai tout ressorti \u00bb expliquait-elle r\u00e9cemment dans l&rsquo;\u00e9mission \u00ab\u00a0C l&rsquo;hebdo\u00a0\u00bb.<\/p>\n<p>Le player Dailymotion est en train de se charger&#8230;<\/p>\n<p>\u00ab\u00a0Est-ce qu&rsquo;il y a des avions qui restent dans le ciel ?\u00a0\u00bb<br \/>\nAnim\u00e9e par l&rsquo;envie de bousculer les mentalit\u00e9s, Marguerite a sorti au printemps un premier single \u00e9voquant ouvertement sa bisexualit\u00e9, <a href=\"https:\/\/www.chartsinfrance.net\/actualite\/news-132287.html\" target=\"_blank\" class=\"spip_out\" rel=\"nofollow noopener\">\u00ab\u00a0Les filles les meufs\u00a0\u00bb<\/a>. Et cet \u00e9lan de sinc\u00e9rit\u00e9 a trouv\u00e9 un \u00e9cho certain ! Cr\u00e9dit\u00e9 de 15 millions d&rsquo;\u00e9coutes sur Spotify, ce titre \u00e9lectro-pop \u00e9voquant en filigrane la masculinit\u00e9 toxique de la soci\u00e9t\u00e9 a valu \u00e0 Marguerite son tout premier single d&rsquo;or. Et la musicienne ne compte pas d&rsquo;excuser d&rsquo;\u00eatre elle-m\u00eame. Alors que ses sourcils non \u00e9pil\u00e9s lui ont valu <a href=\"https:\/\/www.chartsinfrance.net\/actualite\/news-132421.html\" target=\"_blank\" class=\"spip_out\" rel=\"nofollow noopener\">des commentaires d\u00e9plaisants sur son physique<\/a>, Marguerite assume vouloir s&rsquo;affranchir des carcans. \u00ab \u00c7a m&rsquo;a fait beaucoup de bien de me montrer comme \u00e7a au naturel avec toutes les imperfections. Enfin, ce qu&rsquo;on appelle les imperfections. \u00c7a m&rsquo;a lib\u00e9r\u00e9e, \u00e7a m&rsquo;a permis de d&rsquo;\u00e9manciper aussi des codes liss\u00e9s de la t\u00e9l\u00e9 par lesquels j&rsquo;ai pu passer avant \u00bb avait-elle assur\u00e9 dans \u00ab\u00a0Quotidien\u00a0\u00bb. <b><a href=\"https:\/\/tidd.ly\/425V9mG\" target=\"_blank\" class=\"spip_out\" rel=\"nofollow noopener\">Procurez-vous vos places pour la tourn\u00e9e solo de Marguerite !<\/a><\/b><\/p>\n<p>Bonne nouvelle, avant la sortie de \u00ab\u00a0Grandir\u00a0\u00bb, le public aura l&rsquo;occasion d&rsquo;apprendre les paroles d&rsquo;un morceau in\u00e9dit. Pour surfer sur cette annonce, Marguerite d\u00e9voile ce vendredi de fin ao\u00fbt son deuxi\u00e8me single \u00ab\u00a0Les avions\u00a0\u00bb. Une ballade pop sensible sur laquelle la chanteuse se montre un peu plus m\u00e9lancolique, s&rsquo;interrogeant sur l&rsquo;amour apr\u00e8s la fin d&rsquo;une relation. \u00ab On s&rsquo;est pas vu s&rsquo;affaiblir, c&rsquo;est facile de se mentir, on s&rsquo;croit toujours solide, jusqu&rsquo;au jour de la collision \u00bb entonne-t-elle sur une m\u00e9lodie qui se fait presque berceuse. \u00ab Est-ce qu&rsquo;il y a des avions qui restent dans le ciel et ne tombent jamais ?  Est-ce qu&rsquo;il y a des avions qui traversent la gr\u00eale et les turbulences ? \u00bb s&rsquo;interroge-t-elle dans le refrain, perdu dans ses d\u00e9sillusions. Une chanson sensible donc, qui laisse pr\u00e9sager une vraie mise \u00e0 nu pour l&rsquo;EP.<\/p>\n<p> <b>Ecoutez \u00ab\u00a0Les avions\u00a0\u00bb de Marguerite :<\/b>    <\/p>\n","protected":false},"excerpt":{"rendered":"Abaca Il n&rsquo;y a pas que Marine qui fait des \u00e9mules aupr\u00e8s du grand public. Si la gagnante&hellip;\n","protected":false},"author":2,"featured_media":351916,"comment_status":"","ping_status":"","sticky":false,"template":"","format":"standard","meta":{"footnotes":""},"categories":[1355],"tags":[58,59,1011,27,1361,873],"class_list":{"0":"post-351915","1":"post","2":"type-post","3":"status-publish","4":"format-standard","5":"has-post-thumbnail","7":"category-musique","8":"tag-divertissement","9":"tag-entertainment","10":"tag-fr","11":"tag-france","12":"tag-music","13":"tag-musique"},"share_on_mastodon":{"url":"https:\/\/pubeurope.com\/@fr\/115111700110647006","error":""},"_links":{"self":[{"href":"https:\/\/www.europesays.com\/fr\/wp-json\/wp\/v2\/posts\/351915","targetHints":{"allow":["GET"]}}],"collection":[{"href":"https:\/\/www.europesays.com\/fr\/wp-json\/wp\/v2\/posts"}],"about":[{"href":"https:\/\/www.europesays.com\/fr\/wp-json\/wp\/v2\/types\/post"}],"author":[{"embeddable":true,"href":"https:\/\/www.europesays.com\/fr\/wp-json\/wp\/v2\/users\/2"}],"replies":[{"embeddable":true,"href":"https:\/\/www.europesays.com\/fr\/wp-json\/wp\/v2\/comments?post=351915"}],"version-history":[{"count":0,"href":"https:\/\/www.europesays.com\/fr\/wp-json\/wp\/v2\/posts\/351915\/revisions"}],"wp:featuredmedia":[{"embeddable":true,"href":"https:\/\/www.europesays.com\/fr\/wp-json\/wp\/v2\/media\/351916"}],"wp:attachment":[{"href":"https:\/\/www.europesays.com\/fr\/wp-json\/wp\/v2\/media?parent=351915"}],"wp:term":[{"taxonomy":"category","embeddable":true,"href":"https:\/\/www.europesays.com\/fr\/wp-json\/wp\/v2\/categories?post=351915"},{"taxonomy":"post_tag","embeddable":true,"href":"https:\/\/www.europesays.com\/fr\/wp-json\/wp\/v2\/tags?post=351915"}],"curies":[{"name":"wp","href":"https:\/\/api.w.org\/{rel}","templated":true}]}}