{"id":351917,"date":"2025-08-29T10:58:11","date_gmt":"2025-08-29T10:58:11","guid":{"rendered":"https:\/\/www.europesays.com\/fr\/351917\/"},"modified":"2025-08-29T10:58:11","modified_gmt":"2025-08-29T10:58:11","slug":"premiere-image-du-film-starfighter-avec-deux-nouveaux-super-acteurs-annonces","status":"publish","type":"post","link":"https:\/\/www.europesays.com\/fr\/351917\/","title":{"rendered":"premi\u00e8re image du film Starfighter, avec deux nouveaux super acteurs annonc\u00e9s"},"content":{"rendered":"<p><strong>Le tournage du film <a href=\"https:\/\/www.ecranlarge.com\/films\/1489202-untitled-star-wars-from-shawn-levy\" data-type=\"films\" data-id=\"796215\" rel=\"nofollow noopener\" target=\"_blank\">Star Wars : Starfighter<\/a>, avec <a href=\"https:\/\/www.ecranlarge.com\/personnalite\/654495-ryan-gosling\" data-type=\"people\" data-id=\"13098\" rel=\"nofollow noopener\" target=\"_blank\">Ryan Gosling<\/a>, vient de commencer. L\u2019\u00e9quipe a partag\u00e9 une obscure premi\u00e8re image, et annonc\u00e9 l\u2019arriv\u00e9e de deux nouveaux acteurs de talent.<\/strong><\/p>\n<p>La pause aura \u00e9t\u00e9 \u00e9tonnamment longue pour une telle marque : <strong>pas de film Star Wars au cin\u00e9ma depuis 2019<\/strong> et la grosse blague <strong><a href=\"https:\/\/www.ecranlarge.com\/films\/974048-star-wars-episode-ix\" data-type=\"films\" data-id=\"685690\" rel=\"nofollow noopener\" target=\"_blank\">Star Wars : L\u2019Ascension de Skywalker<\/a><\/strong>, qui avait tout de m\u00eame amass\u00e9 plus d\u20191 milliard au box-office malgr\u00e9 sa production infernale et son accueil glacial. Sachant que Disney avait sorti <strong>cinq films en quatre ans <\/strong>suite au rachat de Lucasfilm en 2012, ce freinage d\u2019urgence n\u2019\u00e9tait pas pass\u00e9 inaper\u00e7u.<\/p>\n<p>Mais depuis, la planche \u00e0 billet a chauff\u00e9 <strong>du c\u00f4t\u00e9 de <a href=\"https:\/\/www.ecranlarge.com\/personnalite\/1120525-disney\" data-type=\"people\" data-id=\"804728\" rel=\"nofollow noopener\" target=\"_blank\">Disney+<\/a> avec une farandole de s\u00e9ries<\/strong>. La premi\u00e8re et la plus importante reste <strong><a href=\"https:\/\/www.ecranlarge.com\/series\/1036692-the-mandalorian\" data-type=\"series\" data-id=\"694734\" rel=\"nofollow noopener\" target=\"_blank\">The Mandalorian<\/a><\/strong>, et c\u2019est pour \u00e7a que <strong>Star Wars<\/strong> reviendra au cin\u00e9ma en mai 2026 avec <strong><a href=\"https:\/\/www.ecranlarge.com\/films\/1500705-the-mandalorian-grogu\" data-type=\"films\" data-id=\"807441\" rel=\"nofollow noopener\" target=\"_blank\">The Mandalorian &amp; Grogu<\/a><\/strong>, histoire d\u2019essayer de transformer le public de Disney+ en public de cin\u00e9ma \u2013 apr\u00e8s tout, \u00e7a avait march\u00e9 d\u2019enfer avec Marvel, cf <strong>The Marvels<\/strong>.<\/p>\n<p>                    <img decoding=\"async\" alt=\"\" class=\"wp-image-518375\" style=\"object-fit:cover;width:25px;height:25px\" src=\"https:\/\/www.ecranlarge.com\/content\/uploads\/2023\/09\/arrow-right-circle.svg\"\/><\/p>\n<p>Apr\u00e8s \u00e7a, la suite est d\u00e9j\u00e0 dans les tuyaux. Un an apr\u00e8s, <strong>en mai 2027, il y aura <\/strong><strong>Star Wars : Starfighter<\/strong>, un film \u00ab\u00a0original\u00a0\u00bb r\u00e9alis\u00e9 par <a href=\"https:\/\/www.ecranlarge.com\/personnalite\/654622-shawn-levy\" data-type=\"people\" data-id=\"306566\" rel=\"nofollow noopener\" target=\"_blank\">Shawn Levy<\/a> (<strong>Deadpool &amp; Wolverine<\/strong>, <strong>Free Guy<\/strong>) avec Ryan Gosling. Le tournage vient de commencer, et le studio en a profit\u00e9 pour partager <strong>une premi\u00e8re image des h\u00e9ros<\/strong>, tout en annon\u00e7ant l\u2019arriv\u00e9e de deux nouveaux noms au casting.<\/p>\n<p><a href=\"https:\/\/www.ecranlarge.com\/content\/uploads\/2021\/11\/daisy-ridley-photo-star-wars-lascension-de-skywalker-1405121.png\" rel=\"nofollow noopener\" target=\"_blank\"><img loading=\"lazy\" decoding=\"async\" alt=\"Daisy Ridley : photo, Star Wars : L'Ascension de Skywalker\" class=\"wp-image-247338\" src=\"https:\/\/www.europesays.com\/fr\/wp-content\/uploads\/2025\/08\/daisy-ridley-photo-star-wars-lascension-de-skywalker-1405121-630x262.png\" width=\"630\" height=\"262\"  \/><\/a>Disney qui essaye de ramener les fans de Star Wars en sallesSTAR WARS : LE RETOUR EN FORCE<\/p>\n<p><strong>\u00ab\u00a0Jour 1 : une toute nouvelle aventure commence\u00a0\u00bb<\/strong>, dit la l\u00e9gende de la photo. C\u2019est la grande aventure du premier film <strong>Star Wars<\/strong> un tant soit peu original depuis bien longtemps, apr\u00e8s une trilogie-suite autour de Skywalker, deux spin-off prequels (<strong>Rogue One<\/strong> qui se d\u00e9roule avant <strong>Un nouvel espoir<\/strong>, et <strong>Solo<\/strong> sur la jeunesse de Han Solo), et un film tir\u00e9 d\u2019une s\u00e9rie (<strong>The Mandalorian &amp; Grogu<\/strong>).<\/p>\n<p>L\u2019image ne montre pas grand-chose, sauf <strong>Ryan Gosling aux c\u00f4t\u00e9s du jeune acteur Flynn Gray<\/strong>, assis sur un vaisseau dans un d\u00e9cor quelconque. Une mani\u00e8re comme une autre de se payer une publicit\u00e9 \u00e0 moindre frais (la preuve, cet article), en d\u00e9voilant le moins de choses possibles (on vous laisse \u00e9claircir la photo pour d\u00e9nicher un \u00e9ventuel minuscule d\u00e9tail quelque part).<\/p>\n<p>LE CASTING DE STARFIGHTER S\u2019AGRANDIT <\/p>\n<p>Le plus int\u00e9ressant n\u2019est pas l\u00e0 puisque la production a annonc\u00e9 que <strong>deux nouveaux acteurs rejoignaient le projet :<\/strong> <strong><a href=\"https:\/\/www.ecranlarge.com\/personnalite\/659124-amy-adams\" data-type=\"people\" data-id=\"124995\" rel=\"nofollow noopener\" target=\"_blank\">Amy Adams<\/a> et <a href=\"https:\/\/www.ecranlarge.com\/personnalite\/1115411-aaron-pierre\" data-type=\"people\" data-id=\"508849\" rel=\"nofollow noopener\" target=\"_blank\">Aaron Pierre<\/a><\/strong>, qui auraient pu se croiser dans la galaxie DC puisqu\u2019elle a incarn\u00e9 Lois Lane dans l\u2019\u00e8re Zack Snyder, tandis qu\u2019il sera dans la s\u00e9rie Green Lantern intitul\u00e9e <strong>Lanterns<\/strong>, dans le DCU de James Gunn.<\/p>\n<p>Hormis son passage dans l\u2019univers de Batman et Superman, <strong>Amy Adams met rarement les pieds dans les blockbusters<\/strong>, mais elle avait d\u00e9j\u00e0 travaill\u00e9 avec Shawn Levy : il a r\u00e9alis\u00e9 <strong>La Nuit au mus\u00e9e 2<\/strong> et produit <strong>Premier contact<\/strong>, de Denis Villeneuve. Un film <strong>Star Wars<\/strong> fait presque t\u00e2che dans son CV mais tout le monde a bien le droit de s\u2019amuser, et de <strong>toucher un joli ch\u00e8que de temps en temps <\/strong>\u2013 surtout si \u00e7a lui permet de continuer \u00e0 s\u00e9lectionner des projets comme <strong>Nightbitch<\/strong> sorti en 2024 ou <strong>At the Sea<\/strong>\u00a0de\u00a0Korn\u00e9l Mundrucz\u00f3, qu\u2019elle a r\u00e9cemment tourn\u00e9.<\/p>\n<p><a href=\"https:\/\/www.ecranlarge.com\/content\/uploads\/2025\/02\/arrival-amy-adams-jeremy-renner-arrival_032.jpg\" rel=\"nofollow noopener\" target=\"_blank\"><\/p>\n<p><img loading=\"lazy\" decoding=\"async\" alt=\"amy adams\" src=\"https:\/\/www.europesays.com\/fr\/wp-content\/uploads\/2025\/08\/arrival-amy-adams-jeremy-renner-arrival_032-1260x839.jpg\" width=\"1260\" height=\"839\"  \/><\/p>\n<p><\/a>Quand Disney te parle du salaire<\/p>\n<p>Pour Aaron Pierre, un r\u00f4le dans un <strong>Star Wars<\/strong> a une autre saveur. Vu dans les s\u00e9ries <strong>Krypton<\/strong> (d\u00e9j\u00e0 du DC oui), <strong>The Underground Railroad<\/strong> et <strong>Genius<\/strong>, il avait r\u00e9v\u00e9l\u00e9 <strong>tout son talent dans<\/strong> <strong>Rebel Ridge<\/strong>, le film d\u2019action extr\u00eamement efficace de Jeremy Saulnier, sorti sur Netflix en 2024. Apr\u00e8s \u00e7a, plus aucun doute n\u2019\u00e9tait permis sur son potentiel. <\/p>\n<p>L\u2019acteur est d\u00e9j\u00e0 dans les fichiers de Disney puisqu\u2019il a pr\u00eat\u00e9 sa voix \u00e0 Mufasa dans l\u2019affreux <strong>Mufasa : Le Roi Lion<\/strong>, et devait rejoindre Marvel dans le film maudit <strong>Blade<\/strong>. Mais il aura son quota de super-h\u00e9ros dans <strong>Lanterns<\/strong> o\u00f9 il jouera <strong>John Stewart, un Green Lantern embl\u00e9matique<\/strong>, notamment pour les gens qui connaissent la s\u00e9rie anim\u00e9e <strong>La Ligue des justiciers<\/strong>. Nul doute qu\u2019il aura une place importante dans le DCU de James Gunn.<\/p>\n<p><a href=\"https:\/\/www.ecranlarge.com\/content\/uploads\/2024\/09\/rr_20220519_03908_r.jpg\" rel=\"nofollow noopener\" target=\"_blank\"><\/p>\n<p><img loading=\"lazy\" decoding=\"async\" alt=\"\" src=\"https:\/\/www.europesays.com\/fr\/wp-content\/uploads\/2025\/08\/rr_20220519_03908_r-630x420.jpg\" width=\"630\" height=\"420\"  \/><\/p>\n<p><\/a>Je ne vous jette pas la pierre, Pierre<\/p>\n<p>Aucun mot sur les r\u00f4les d\u2019Amy Adams et Aaron Pierre dans <strong>Star Wars : Starfighter<\/strong>. L\u2019histoire devrait suivre l\u2019h\u00e9ro\u00efque <strong>Ryan Gosling qui doit prot\u00e9ger son neveu<\/strong>, un adolescent poursuivi par des m\u00e9chants, incarn\u00e9s notamment par Matt Smith et Mia Goth, donc. Le studio a d\u00e9j\u00e0 annonc\u00e9 qu\u2019il s\u2019agira d\u2019<strong>une aventure ind\u00e9pendante<\/strong>, donc sans lien avec les autres personnages connus.<\/p>\n<p>Question \u00e0 mille points : combien va co\u00fbter ce blockbuster ? Disney a \u00e9t\u00e9 un peu prudent avec <strong>The Mandalorian &amp; Grogu<\/strong>, r\u00e9alis\u00e9 par Jon Favreau (<strong>Iron Man<\/strong>, <strong>Iron Man 2<\/strong>, et cr\u00e9ateur de <strong>The Mandalorian<\/strong>), puisque l<strong>e budget serait de \u00ab\u00a0seulement\u00a0\u00bb 166 millions<\/strong>. On est tr\u00e8s loin de <strong>Rogue One<\/strong> (300 millions), <strong>Star Wars 9<\/strong> (plus de 400 millions) et <strong>Star Wars 7 <\/strong>(pr\u00e8s de 450 millions). <\/p>\n<p>                    <img decoding=\"async\" alt=\"\" class=\"wp-image-518375\" style=\"object-fit:cover;width:25px;height:25px\" src=\"https:\/\/www.ecranlarge.com\/content\/uploads\/2023\/09\/arrow-right-circle.svg\"\/><\/p>\n<p>Dans tous les cas, notez sur vos agendas : <strong>The Mandalorian &amp; Grogu<\/strong> le 20 mai 2026, et <strong>Star Wars : Starfighter<\/strong><strong> le<\/strong> <strong>26 mai 2027. <\/strong>Pour les autres projets (<strong>Star Wars 10 <\/strong>avec Daisy Ridley, le prequel de <strong>Star Wars<\/strong> sur les origines de la Force r\u00e9alis\u00e9 par James Mangold, la trilogie de Simon Kinberg\u2026), il faudra attendre.<\/p>\n","protected":false},"excerpt":{"rendered":"Le tournage du film Star Wars : Starfighter, avec Ryan Gosling, vient de commencer. L\u2019\u00e9quipe a partag\u00e9 une&hellip;\n","protected":false},"author":2,"featured_media":351918,"comment_status":"","ping_status":"","sticky":false,"template":"","format":"standard","meta":{"footnotes":""},"categories":[1354],"tags":[58,59,1346,1011,27,1360],"class_list":{"0":"post-351917","1":"post","2":"type-post","3":"status-publish","4":"format-standard","5":"has-post-thumbnail","7":"category-films","8":"tag-divertissement","9":"tag-entertainment","10":"tag-films","11":"tag-fr","12":"tag-france","13":"tag-movies"},"share_on_mastodon":{"url":"https:\/\/pubeurope.com\/@fr\/115111703712893200","error":""},"_links":{"self":[{"href":"https:\/\/www.europesays.com\/fr\/wp-json\/wp\/v2\/posts\/351917","targetHints":{"allow":["GET"]}}],"collection":[{"href":"https:\/\/www.europesays.com\/fr\/wp-json\/wp\/v2\/posts"}],"about":[{"href":"https:\/\/www.europesays.com\/fr\/wp-json\/wp\/v2\/types\/post"}],"author":[{"embeddable":true,"href":"https:\/\/www.europesays.com\/fr\/wp-json\/wp\/v2\/users\/2"}],"replies":[{"embeddable":true,"href":"https:\/\/www.europesays.com\/fr\/wp-json\/wp\/v2\/comments?post=351917"}],"version-history":[{"count":0,"href":"https:\/\/www.europesays.com\/fr\/wp-json\/wp\/v2\/posts\/351917\/revisions"}],"wp:featuredmedia":[{"embeddable":true,"href":"https:\/\/www.europesays.com\/fr\/wp-json\/wp\/v2\/media\/351918"}],"wp:attachment":[{"href":"https:\/\/www.europesays.com\/fr\/wp-json\/wp\/v2\/media?parent=351917"}],"wp:term":[{"taxonomy":"category","embeddable":true,"href":"https:\/\/www.europesays.com\/fr\/wp-json\/wp\/v2\/categories?post=351917"},{"taxonomy":"post_tag","embeddable":true,"href":"https:\/\/www.europesays.com\/fr\/wp-json\/wp\/v2\/tags?post=351917"}],"curies":[{"name":"wp","href":"https:\/\/api.w.org\/{rel}","templated":true}]}}