{"id":351919,"date":"2025-08-29T10:59:10","date_gmt":"2025-08-29T10:59:10","guid":{"rendered":"https:\/\/www.europesays.com\/fr\/351919\/"},"modified":"2025-08-29T10:59:10","modified_gmt":"2025-08-29T10:59:10","slug":"pourquoi-votre-montre-connectee-vous-ment","status":"publish","type":"post","link":"https:\/\/www.europesays.com\/fr\/351919\/","title":{"rendered":"Pourquoi votre montre connect\u00e9e vous ment"},"content":{"rendered":"<p>Gadget, encore un gadget, toujours des gadgets.<br \/>Pour avoir l\u2019air cool, l\u2019air chill, l\u2019air ce que vous voulez suivant votre \u00ab\u00a0g\u00e9n\u00e9ration\u00a0\u00bb (ce truc d\u00e9bile qu\u2019on a invent\u00e9 pour ENCORE mettre les gens par \u00ab\u00a0classe\u00a0\u00bb, dans des cases st\u00e9r\u00e9otyp\u00e9es).<br \/>Je suis au TOP parce que, comme tous les gens IN, j\u2019ai le dernier truc d\u00e9bile et vachement inutile \u00e0 la mode \u00e0 mon poignet\u2026<br \/>La sant\u00e9 physique, mentale, c\u2019est d\u2019abord se connaitre, ressentir, accepter, respecter son corps.<br \/>Pas besoin d\u2019une montre au poignet pour savoir si je suis fatigu\u00e9 ou stress\u00e9.<br \/>Ce besoin ultime de tout mesurer, tout quantifier par l\u2019absurde.<br \/>Ma montre me dit que je viens de recevoir un mail de mon boss. Deux secondes apr\u00e8s elle me dit que je suis stress\u00e9.<br \/>Ma montre me signale que je suis fatigu\u00e9. Je viens de courir 5 km et je ne m\u2019en \u00e9tais pas rendu compte.<br \/>En plus, toutes ces donn\u00e9es statistiques finissent par sortir de votre intimit\u00e9, rejoignent votre profil g\u00e9n\u00e9ral dans le Big Data. L\u00e0 o\u00f9 des acteurs priv\u00e9s viendront p\u00eacher contre esp\u00e8ces sonnantes et tr\u00e9buchantes de pr\u00e9cieuses informations sur votre profil d\u2019acheteur, de candidat \u00e0 un poste, l\u00e0 o\u00f9 le dating en ligne v\u00e9rifiera si elle, il, vous quoi, sera compatible avec l\u2019autre.<br \/>L\u00e0 o\u00f9 le dictateur qui aura pris le pouvoir dans votre ancienne d\u00e9mocratie ira piocher pour savoir si vous \u00eates un opposant r\u00e9actionnaire dangereux, \u00e0 \u00e9carter d\u2019urgence, ou mieux \u00e9liminer\u2026<\/p>\n<p>Bref, la Montre, acteur suppl\u00e9mentaire de la collecte de donn\u00e9es, port\u00e9e volontairement et de bon c\u0153ur par la horde b\u00ealante du Progr\u00e8s. L\u2019\u00e9toile jaune du Geek, m\u00eame de Monsieur et Madame \u00ab\u00a0tout le monde\u00a0\u00bb. Et on y va avec le sourire.<br \/>Dr\u00f4le de Libert\u00e9 d\u2019apr\u00e8s Covid que ces g\u00e9n\u00e9rations qui s\u2019enferment volontairement derri\u00e8re un Mur technologique. The Wall. Le Mur des Pink Floyd. Pour tout le monde.<\/p>\n","protected":false},"excerpt":{"rendered":"Gadget, encore un gadget, toujours des gadgets.Pour avoir l\u2019air cool, l\u2019air chill, l\u2019air ce que vous voulez suivant&hellip;\n","protected":false},"author":2,"featured_media":351920,"comment_status":"","ping_status":"","sticky":false,"template":"","format":"standard","meta":{"footnotes":""},"categories":[10],"tags":[1011,27,72,71],"class_list":{"0":"post-351919","1":"post","2":"type-post","3":"status-publish","4":"format-standard","5":"has-post-thumbnail","7":"category-sante","8":"tag-fr","9":"tag-france","10":"tag-health","11":"tag-sante"},"share_on_mastodon":{"url":"https:\/\/pubeurope.com\/@fr\/115111707612044821","error":""},"_links":{"self":[{"href":"https:\/\/www.europesays.com\/fr\/wp-json\/wp\/v2\/posts\/351919","targetHints":{"allow":["GET"]}}],"collection":[{"href":"https:\/\/www.europesays.com\/fr\/wp-json\/wp\/v2\/posts"}],"about":[{"href":"https:\/\/www.europesays.com\/fr\/wp-json\/wp\/v2\/types\/post"}],"author":[{"embeddable":true,"href":"https:\/\/www.europesays.com\/fr\/wp-json\/wp\/v2\/users\/2"}],"replies":[{"embeddable":true,"href":"https:\/\/www.europesays.com\/fr\/wp-json\/wp\/v2\/comments?post=351919"}],"version-history":[{"count":0,"href":"https:\/\/www.europesays.com\/fr\/wp-json\/wp\/v2\/posts\/351919\/revisions"}],"wp:featuredmedia":[{"embeddable":true,"href":"https:\/\/www.europesays.com\/fr\/wp-json\/wp\/v2\/media\/351920"}],"wp:attachment":[{"href":"https:\/\/www.europesays.com\/fr\/wp-json\/wp\/v2\/media?parent=351919"}],"wp:term":[{"taxonomy":"category","embeddable":true,"href":"https:\/\/www.europesays.com\/fr\/wp-json\/wp\/v2\/categories?post=351919"},{"taxonomy":"post_tag","embeddable":true,"href":"https:\/\/www.europesays.com\/fr\/wp-json\/wp\/v2\/tags?post=351919"}],"curies":[{"name":"wp","href":"https:\/\/api.w.org\/{rel}","templated":true}]}}