{"id":351923,"date":"2025-08-29T11:01:17","date_gmt":"2025-08-29T11:01:17","guid":{"rendered":"https:\/\/www.europesays.com\/fr\/351923\/"},"modified":"2025-08-29T11:01:17","modified_gmt":"2025-08-29T11:01:17","slug":"la-mort-de-gege-de-koh-lanta-annoncee-denis-brogniart-rend-hommage-au-candidat","status":"publish","type":"post","link":"https:\/\/www.europesays.com\/fr\/351923\/","title":{"rendered":"La mort de G\u00e9g\u00e9 de \u00ab\u00a0Koh-Lanta\u00a0\u00bb annonc\u00e9e, Denis Brogniart rend hommage au candidat"},"content":{"rendered":"<p>        <img decoding=\"async\" loading=\"lazy\" src=\"https:\/\/www.europesays.com\/fr\/wp-content\/uploads\/2025\/08\/0adc040_upload-1-6fna9eo6b23f-ga-ga.jpg\"  width=\"728\" height=\"404\" alt=\"\"\/>      <\/p>\n<p class=\"asset asset-text\">DIVERTISSEMENT &#8211; Il fait partie des candidats qui ont marqu\u00e9 l\u2019histoire de l\u2019\u00e9mission. G\u00e9rard Icardi, alias \u00ab\u00a0G\u00e9g\u00e9\u00a0\u00bb de <a href=\"https:\/\/www.huffingtonpost.fr\/divertissement\/article\/on-sait-qui-est-le-grand-gagnant-de-koh-lanta-la-revanche-des-4-terres-a-l-issue-de-la-finale_251746.html\" target=\"_blank\" rel=\"noopener\">Koh-Lanta<\/a> est d\u00e9c\u00e9d\u00e9 \u00e0 l\u2019\u00e2ge de 79\u00a0ans. C\u2019est Laurent, son fils, qui a annonc\u00e9 le d\u00e9c\u00e8s du retrait\u00e9 originaire de l\u2019Eure. Il a post\u00e9 le jeudi 28\u00a0ao\u00fbt une photo de son p\u00e8re lors de sa participation \u00e0 Koh-Lanta accompagn\u00e9e de la l\u00e9gende\u00a0: \u00ab\u00a0Bonjour \u00e0 tous ceux qui l\u2019ont connu. J\u2019ai la mauvaise nouvelle \u00e0 vous annoncer, il nous a quitt\u00e9s cette nuit.\u00a0\u00bb<\/p>\n<p class=\"asset asset-text\">G\u00e9g\u00e9 \u00e9tait le doyen de la saison diffus\u00e9e en 2011\u00a0sur <a href=\"https:\/\/www.huffingtonpost.fr\/divertissement\/article\/novo19-la-nouvelle-chaine-de-ouest-france-ressuscite-ce-programme-phare-de-tf1-des-annees-2000_254058.html\" target=\"_blank\" rel=\"noopener\">TF1<\/a>\u00a0et qui avait pris place dans l\u2019archipel indon\u00e9sien de Raja Ampat. En story de son compte Instagram, <a href=\"https:\/\/www.huffingtonpost.fr\/divertissement\/article\/on-sait-qui-est-le-grand-gagnant-de-koh-lanta-la-revanche-des-4-terres-a-l-issue-de-la-finale_251746.html\" target=\"_blank\" rel=\"noopener\">Denis Brogniart<\/a> a post\u00e9 une photo en noir et blanc du candidat accompagn\u00e9 des mots \u00ab\u00a0RIP G\u00e9g\u00e9\u00a0\u00bb.<\/p>\n<p class=\"asset asset-text\">G\u00e9g\u00e9 fait partie des visages inoubliables de Koh-Lanta pour celles et ceux qui suivent l\u2019\u00e9mission depuis longtemps. Il avait c\u00f4toy\u00e9 sur l\u2019\u00eele certains aventuriers du programme, devenus depuis c\u00e9l\u00e8bres, comme Laurent Maistret et Teheiura Teahui. Le g\u00e9rant d\u2019un parc animalier en Haute-Normandie avait marqu\u00e9 la saison 11\u00a0du jeu d\u2019aventure et de survie, alors qu\u2019il en avait pourtant \u00e9t\u00e9 \u00e9limin\u00e9 apr\u00e8s quelques \u00e9pisodes seulement.<\/p>\n<p>         <img decoding=\"async\" loading=\"lazy\" src=\"https:\/\/www.europesays.com\/fr\/wp-content\/uploads\/2025\/08\/42c9bc1_upload-1-mmqjxfjkbqe6-gege-koh-lanat.png\"  width=\"728\" height=\"368\" alt=\"Denis Brogniart a rendu hommage \u00e0 \u00ab\u00a0G\u00e9g\u00e9, candidat de \u00ab\u00a0Koh Lanta\u00a0\u00bb apr\u00e8s l\u2019annonce de sa mort.\"\/>   <\/p>\n<p>Denis Brogniart a rendu hommage \u00e0 \u00ab\u00a0G\u00e9g\u00e9, candidat de \u00ab\u00a0Koh Lanta\u00a0\u00bb apr\u00e8s l\u2019annonce de sa mort.<\/p>\n<p class=\"asset asset-text\">Comme il l\u2019avait d\u00e9voil\u00e9 dans son portrait, il n\u2019avait appris \u00e0 nager qu\u2019un mois \u00e0 peine avant le d\u00e9but du tournage. Or, Koh-Lanta impose aux candidats de nombreuses \u00e9preuves aquatiques. L\u2019une de ces s\u00e9quences est devenue culte pour les t\u00e9l\u00e9spectateurs. G\u00e9g\u00e9 y faisait du sur place dans l\u2019eau, bloqu\u00e9 sans s\u2019en rendre compte par une bou\u00e9e, tandis que ses camarades de l\u2019\u00e9quipe jaune lui criaient des instructions.<\/p>\n<p>                     Une condamnation pour agressions sexuelles    <\/p>\n<p class=\"asset asset-text\">G\u00e9g\u00e9 avait particip\u00e9 peu apr\u00e8s Koh-Lanta \u00e0 un autre jeu, Splash, le grand plongeon, pr\u00e9sent\u00e9 par\u00a0Estelle Denis. Dans cette \u00e9mission, des c\u00e9l\u00e9brit\u00e9s devaient r\u00e9aliser devant un jury d\u2019experts les plus beaux plongeons. Depuis, il \u00e9tait retourn\u00e9 dans l\u2019anonymat.<\/p>\n<p class=\"asset asset-text\">Accus\u00e9 d\u2019agressions sexuelles par plusieurs anciennes stagiaires de son parc l\u2019Arche F\u00e9line, pour certaines mineures, lors de la diffusion de l\u2019\u00e9mission en 2011, comme le rappelait <a href=\"https:\/\/france3-regions.franceinfo.fr\/normandie\/2015\/03\/20\/gege-de-koh-lanta-condamne-2-ans-de-prison-avec-sursis-pour-agression-sexuelle-679709.html\" target=\"_blank\" rel=\"noopener\" title=\"Nouvelle fen\u00eatre\">France 3<\/a>, il avait \u00e9t\u00e9 condamn\u00e9 \u00e0\u00a0deux ans de prison avec sursis par le tribunal correctionnel d\u2019\u00c9vreux en 2015. Des faits qu\u2019il avait toujours ni\u00e9s.<\/p>\n","protected":false},"excerpt":{"rendered":"DIVERTISSEMENT &#8211; Il fait partie des candidats qui ont marqu\u00e9 l\u2019histoire de l\u2019\u00e9mission. G\u00e9rard Icardi, alias \u00ab\u00a0G\u00e9g\u00e9\u00a0\u00bb de&hellip;\n","protected":false},"author":2,"featured_media":351924,"comment_status":"","ping_status":"","sticky":false,"template":"","format":"standard","meta":{"footnotes":""},"categories":[8],"tags":[681,58,11778,59,1011,27,680,199],"class_list":{"0":"post-351923","1":"post","2":"type-post","3":"status-publish","4":"format-standard","5":"has-post-thumbnail","7":"category-divertissement","8":"tag-denis-brogniart","9":"tag-divertissement","10":"tag-emission-tv","11":"tag-entertainment","12":"tag-fr","13":"tag-france","14":"tag-koh-lanta","15":"tag-tf1"},"share_on_mastodon":{"url":"https:\/\/pubeurope.com\/@fr\/115111715521364343","error":""},"_links":{"self":[{"href":"https:\/\/www.europesays.com\/fr\/wp-json\/wp\/v2\/posts\/351923","targetHints":{"allow":["GET"]}}],"collection":[{"href":"https:\/\/www.europesays.com\/fr\/wp-json\/wp\/v2\/posts"}],"about":[{"href":"https:\/\/www.europesays.com\/fr\/wp-json\/wp\/v2\/types\/post"}],"author":[{"embeddable":true,"href":"https:\/\/www.europesays.com\/fr\/wp-json\/wp\/v2\/users\/2"}],"replies":[{"embeddable":true,"href":"https:\/\/www.europesays.com\/fr\/wp-json\/wp\/v2\/comments?post=351923"}],"version-history":[{"count":0,"href":"https:\/\/www.europesays.com\/fr\/wp-json\/wp\/v2\/posts\/351923\/revisions"}],"wp:featuredmedia":[{"embeddable":true,"href":"https:\/\/www.europesays.com\/fr\/wp-json\/wp\/v2\/media\/351924"}],"wp:attachment":[{"href":"https:\/\/www.europesays.com\/fr\/wp-json\/wp\/v2\/media?parent=351923"}],"wp:term":[{"taxonomy":"category","embeddable":true,"href":"https:\/\/www.europesays.com\/fr\/wp-json\/wp\/v2\/categories?post=351923"},{"taxonomy":"post_tag","embeddable":true,"href":"https:\/\/www.europesays.com\/fr\/wp-json\/wp\/v2\/tags?post=351923"}],"curies":[{"name":"wp","href":"https:\/\/api.w.org\/{rel}","templated":true}]}}