{"id":351929,"date":"2025-08-29T11:04:09","date_gmt":"2025-08-29T11:04:09","guid":{"rendered":"https:\/\/www.europesays.com\/fr\/351929\/"},"modified":"2025-08-29T11:04:09","modified_gmt":"2025-08-29T11:04:09","slug":"la-russie-ne-comprend-que-la-force-les-etats-unis-leurope-les-pays-du-g20-ont-cette-force-estime-volodymyr-zelensky","status":"publish","type":"post","link":"https:\/\/www.europesays.com\/fr\/351929\/","title":{"rendered":"\u00ab\u00a0La Russie ne comprend que la force. Les Etats-Unis, l\u2019Europe, les pays du G20 ont cette force\u00a0\u00bb, estime Volodymyr Zelensky"},"content":{"rendered":"<p>   Donald Trump \u00ab\u00a0pas content\u00a0\u00bb mais \u00ab\u00a0pas surpris\u00a0\u00bb des attaques russes sur Kiev             <\/p>\n<p class=\"post__live-container--answer-text post__space-node\">Pour Donald Trump, \u00ab\u00a0peut-\u00eatre que les deux parties [ukrainienne et russe] \u00e0 ce conflit ne sont pas pr\u00eates \u00e0 y mettre fin elles-m\u00eames\u00a0\u00bb, a d\u00e9clar\u00e9 la porte-parole de la pr\u00e9sidence am\u00e9ricaine, Karoline Leavitt, faisant savoir que le 47e\u00a0pr\u00e9sident des Etats-Unis n\u2019est \u00ab\u00a0pas content\u00a0\u00bb mais \u00ab\u00a0pas surpris\u00a0\u00bb des attaques russes sur Kiev, qui ont caus\u00e9 la mort d\u2019au moins 19\u00a0personnes, dont quatre enfants.<\/p>\n<p class=\"post__live-container--answer-text post__space-node\">La r\u00e9action du pr\u00e9sident am\u00e9ricain, qui refuse d\u2019attribuer la responsabilit\u00e9 de la guerre \u00e0 Moscou, diff\u00e8re par sa tonalit\u00e9 de celle de son \u00e9missaire sp\u00e9cial pour l\u2019Ukraine, Keith Kellogg, qui avait d\u00e9nonc\u00e9, sur X, un peu auparavant, <a href=\"https:\/\/www.lemonde.fr\/international\/live\/2025\/08\/28\/en-direct-guerre-en-ukraine-l-ue-annonce-de-nouvelles-sanctions-contre-la-russie-apres-les-dernieres-attaques-a-kiev-qui-ont-fait-au-moins-19-morts_6634258_3210.html?#id-2543823\" rel=\"nofollow noopener\" target=\"_blank\">des frappes \u00ab\u00a0terribles\u00a0\u00bb.<\/a><\/p>\n<p class=\"post__live-container--answer-text post__space-node\">\u00ab\u00a0La Russie a lanc\u00e9 cette attaque contre Kiev et, de la m\u00eame mani\u00e8re, l\u2019Ukraine a frapp\u00e9 des raffineries russes. Ils ont en effet d\u00e9truit 20\u00a0% des capacit\u00e9s de raffinage du p\u00e9trole russe au cours de leurs attaques (&#8230;) du mois d\u2019ao\u00fbt.\u00a0\u00bb, a poursuivi Karoline Leavitt, renvoyant dos \u00e0 dos les deux bellig\u00e9rants.<\/p>\n<p class=\"post__live-container--answer-text post__space-node\">Donald Trump a d\u00e9ploy\u00e9 r\u00e9cemment une intense activit\u00e9 diplomatique en rencontrant d\u2019abord son homologue russe, Vladimir Poutine, en Alaska le 15\u00a0ao\u00fbt, puis en recevant peu apr\u00e8s le pr\u00e9sident ukrainien, Volodymyr Zelensky, et des dirigeants europ\u00e9ens, dont Emmanuel Macron, \u00e0 la Maison Blanche. Il avait alors promis de r\u00e9unir les pr\u00e9sidents russe et ukrainien autour d\u2019une m\u00eame table.<\/p>\n","protected":false},"excerpt":{"rendered":"Donald Trump \u00ab\u00a0pas content\u00a0\u00bb mais \u00ab\u00a0pas surpris\u00a0\u00bb des attaques russes sur Kiev Pour Donald Trump, \u00ab\u00a0peut-\u00eatre que les&hellip;\n","protected":false},"author":2,"featured_media":351930,"comment_status":"","ping_status":"","sticky":false,"template":"","format":"standard","meta":{"footnotes":""},"categories":[5],"tags":[11,1011,27,14,12,28],"class_list":{"0":"post-351929","1":"post","2":"type-post","3":"status-publish","4":"format-standard","5":"has-post-thumbnail","7":"category-international","8":"tag-actualites","9":"tag-fr","10":"tag-france","11":"tag-international","12":"tag-news","13":"tag-world"},"share_on_mastodon":{"url":"https:\/\/pubeurope.com\/@fr\/115111727216418302","error":""},"_links":{"self":[{"href":"https:\/\/www.europesays.com\/fr\/wp-json\/wp\/v2\/posts\/351929","targetHints":{"allow":["GET"]}}],"collection":[{"href":"https:\/\/www.europesays.com\/fr\/wp-json\/wp\/v2\/posts"}],"about":[{"href":"https:\/\/www.europesays.com\/fr\/wp-json\/wp\/v2\/types\/post"}],"author":[{"embeddable":true,"href":"https:\/\/www.europesays.com\/fr\/wp-json\/wp\/v2\/users\/2"}],"replies":[{"embeddable":true,"href":"https:\/\/www.europesays.com\/fr\/wp-json\/wp\/v2\/comments?post=351929"}],"version-history":[{"count":0,"href":"https:\/\/www.europesays.com\/fr\/wp-json\/wp\/v2\/posts\/351929\/revisions"}],"wp:featuredmedia":[{"embeddable":true,"href":"https:\/\/www.europesays.com\/fr\/wp-json\/wp\/v2\/media\/351930"}],"wp:attachment":[{"href":"https:\/\/www.europesays.com\/fr\/wp-json\/wp\/v2\/media?parent=351929"}],"wp:term":[{"taxonomy":"category","embeddable":true,"href":"https:\/\/www.europesays.com\/fr\/wp-json\/wp\/v2\/categories?post=351929"},{"taxonomy":"post_tag","embeddable":true,"href":"https:\/\/www.europesays.com\/fr\/wp-json\/wp\/v2\/tags?post=351929"}],"curies":[{"name":"wp","href":"https:\/\/api.w.org\/{rel}","templated":true}]}}