{"id":351936,"date":"2025-08-29T11:08:09","date_gmt":"2025-08-29T11:08:09","guid":{"rendered":"https:\/\/www.europesays.com\/fr\/351936\/"},"modified":"2025-08-29T11:08:09","modified_gmt":"2025-08-29T11:08:09","slug":"le-chauffard-prend-des-risques-inconsideres-pour-echapper-a-la-police","status":"publish","type":"post","link":"https:\/\/www.europesays.com\/fr\/351936\/","title":{"rendered":"le chauffard prend des risques inconsid\u00e9r\u00e9s pour \u00e9chapper \u00e0 la police"},"content":{"rendered":"<p>            Par<br \/>\n        <strong><br \/>\n            <a href=\"https:\/\/actu.fr\/auteur\/adrien-filoche\" title=\"Consulter tous les articles de Adrien Filoche\" rel=\"nofollow noopener\" target=\"_blank\">Adrien Filoche<\/a><br \/>\n        <\/strong><\/p>\n<p>        Publi\u00e9 le<\/p>\n<p>            29 ao\u00fbt 2025 \u00e0 12h34        <\/p>\n<p>Le jeudi 28 ao\u00fbt 2025, l\u2019auteur d\u2019un rod\u00e9o urbain a \u00e9t\u00e9 interpell\u00e9 par la police \u00e0 <a href=\"https:\/\/actu.fr\/normandie\/saint-etienne-du-rouvray_76575\" rel=\"nofollow noopener\" target=\"_blank\">Saint-\u00c9tienne-du-Rouvray (Seine-Maritime)<\/a>, apr\u00e8s avoir commis un <a href=\"https:\/\/actu.fr\/tag\/refus-d-obtemperer\" rel=\"nofollow noopener\" target=\"_blank\">refus d\u2019obtemp\u00e9rer.<\/a> Il a pris d\u2019\u00e9normes risques pour \u00e9chapper au contr\u00f4le policier.<\/p>\n<p>Il roule malgr\u00e9 une roue crev\u00e9e<\/p>\n<p class=\" wall-content\">Vers 10h20, des policiers sont alert\u00e9s d\u2019u<strong>n rod\u00e9o urbain<\/strong> en cours \u00e0 Saint-\u00c9tienne-du-Rouvray. Un v\u00e9hicule Fiat effectue des allers-retours dans la rue, \u00e0 pleine vitesse.<\/p>\n<p class=\" wall-content\">Sur place, les policiers prennent contact avec des employ\u00e9s sur un chantier qui expliquent que la situation dure depuis 9\u00a0heures du matin et que le conducteur semble totalement ivre.<\/p>\n<p class=\" wall-content\">Les forces de l\u2019ordre aper\u00e7oivent sans difficult\u00e9 le bruyant v\u00e9hicule. L\u2019un des agents demande au conducteur de stopper sa route, mais ce dernier refuse. Au moment o\u00f9 le v\u00e9hicule arrive face \u00e0 lui, le policier d\u00e9ploie un Diva (un Dispositif d\u2019Interception des v\u00e9hicules automobiles), aussi appel\u00e9 \u00ab\u2009stop stick\u2009\u00bb.<\/p>\n<p>Des bouteilles dans la voiture<\/p>\n<p class=\" wall-content\">L\u2019un des pneus du v\u00e9hicule du chauffard est crev\u00e9, mais malgr\u00e9 cela, il poursuit sa route \u00e0 vive allure. Les policiers se mettent \u00e0 sa poursuite, rattrapent le fuyard et se mettent \u00e0 sa hauteur.<\/p>\n<p class=\" wall-content\">Le conducteur serre alors le v\u00e9hicule de police et continue sa course effr\u00e9n\u00e9e. Finalement, la course-poursuite s\u2019arr\u00eate quelques rues plus loin.<\/p>\n<p>Votre r\u00e9gion, votre actu !<\/p>\n<p>Recevez chaque jour les infos qui comptent pour vous.<\/p>\n<p>\t<a href=\"https:\/\/actu.fr\/newsletter\" class=\"ac-btn ac-btn--corner ac-btn--medium ac-btn--blue800\" rel=\"nofollow noopener\" target=\"_blank\">S&rsquo;incrire<\/a><\/p>\n<p class=\" wall-content\">Le conducteur et le passager, \u00e2g\u00e9 de 32 et 27\u00a0ans, de la Fiat sont contr\u00f4l\u00e9s. Les forces de l\u2019ordre d\u00e9couvrent des bouteilles d\u2019alcool \u00e0 l\u2019int\u00e9rieur du v\u00e9hicule. Les deux sont ramen\u00e9s \u00e0 l\u2019h\u00f4tel de police.<\/p>\n<p>Suivez l\u2019actualit\u00e9 de Rouen sur <a href=\"https:\/\/www.whatsapp.com\/channel\/0029VaKfnf99hXF2ddApFB1D\" rel=\"nofollow noopener\" target=\"_blank\">notre cha\u00eene WhatsApp<\/a> et sur <a href=\"https:\/\/www.tiktok.com\/@76actu.fr?lang=fr\" rel=\"nofollow noopener\" target=\"_blank\">notre compte TikTok<\/a><\/p>\n<p class=\" wall-content\">Personnalisez votre actualit\u00e9 en ajoutant vos villes et m\u00e9dias en favori avec <a href=\"https:\/\/moncompte.actu.fr\" title=\"D\u00e9couvez Mon Actu\" rel=\"nofollow noopener\" data-trk=\"{&quot;cta&quot;:{&quot;action&quot;:&quot;https:\\\/\\\/moncompte.actu.fr&quot;,&quot;category&quot;:&quot;mon compte&quot;,&quot;from&quot;:&quot;article footer&quot;,&quot;name&quot;:&quot;Mon actu&quot;,&quot;type&quot;:&quot;cta&quot;}}\" target=\"_blank\">Mon Actu<\/a>.<\/p>\n<p>                    <script async src=\"\/\/www.tiktok.com\/embed.js\"><\/script><\/p>\n","protected":false},"excerpt":{"rendered":"Par Adrien Filoche Publi\u00e9 le 29 ao\u00fbt 2025 \u00e0 12h34 Le jeudi 28 ao\u00fbt 2025, l\u2019auteur d\u2019un rod\u00e9o&hellip;\n","protected":false},"author":2,"featured_media":351937,"comment_status":"","ping_status":"","sticky":false,"template":"","format":"standard","meta":{"footnotes":""},"categories":[9653],"tags":[1111,11,2430,1777,674,118,1011,27,12,1072,2852,25,4001],"class_list":{"0":"post-351936","1":"post","2":"type-post","3":"status-publish","4":"format-standard","5":"has-post-thumbnail","7":"category-saint-etienne","8":"tag-actu","9":"tag-actualites","10":"tag-auvergne-rhone-alpes","11":"tag-eu","12":"tag-europe","13":"tag-faits-divers","14":"tag-fr","15":"tag-france","16":"tag-news","17":"tag-police","18":"tag-refus-dobtemperer","19":"tag-republique-francaise","20":"tag-saint-etienne"},"share_on_mastodon":{"url":"https:\/\/pubeurope.com\/@fr\/115111743034596397","error":""},"_links":{"self":[{"href":"https:\/\/www.europesays.com\/fr\/wp-json\/wp\/v2\/posts\/351936","targetHints":{"allow":["GET"]}}],"collection":[{"href":"https:\/\/www.europesays.com\/fr\/wp-json\/wp\/v2\/posts"}],"about":[{"href":"https:\/\/www.europesays.com\/fr\/wp-json\/wp\/v2\/types\/post"}],"author":[{"embeddable":true,"href":"https:\/\/www.europesays.com\/fr\/wp-json\/wp\/v2\/users\/2"}],"replies":[{"embeddable":true,"href":"https:\/\/www.europesays.com\/fr\/wp-json\/wp\/v2\/comments?post=351936"}],"version-history":[{"count":0,"href":"https:\/\/www.europesays.com\/fr\/wp-json\/wp\/v2\/posts\/351936\/revisions"}],"wp:featuredmedia":[{"embeddable":true,"href":"https:\/\/www.europesays.com\/fr\/wp-json\/wp\/v2\/media\/351937"}],"wp:attachment":[{"href":"https:\/\/www.europesays.com\/fr\/wp-json\/wp\/v2\/media?parent=351936"}],"wp:term":[{"taxonomy":"category","embeddable":true,"href":"https:\/\/www.europesays.com\/fr\/wp-json\/wp\/v2\/categories?post=351936"},{"taxonomy":"post_tag","embeddable":true,"href":"https:\/\/www.europesays.com\/fr\/wp-json\/wp\/v2\/tags?post=351936"}],"curies":[{"name":"wp","href":"https:\/\/api.w.org\/{rel}","templated":true}]}}