{"id":351939,"date":"2025-08-29T11:11:22","date_gmt":"2025-08-29T11:11:22","guid":{"rendered":"https:\/\/www.europesays.com\/fr\/351939\/"},"modified":"2025-08-29T11:11:22","modified_gmt":"2025-08-29T11:11:22","slug":"suivez-le-match-de-las-nancy-lorraine-face-a-pau-avec-nous","status":"publish","type":"post","link":"https:\/\/www.europesays.com\/fr\/351939\/","title":{"rendered":"suivez le match de l&rsquo;AS Nancy-Lorraine face \u00e0 Pau avec nous !"},"content":{"rendered":"<p>Le 3e face au 2e, c&rsquo;est la belle affiche de la soir\u00e9e de Ligue 2 ce vendredi au stade Marcel-Picot\u00a0 \u00a0! L&rsquo;ASNL, qui a d\u00e9j\u00e0 pris 7 points sur 9 apr\u00e8s les trois premi\u00e8res journ\u00e9es, accueille le Pau FC, qui pr\u00e9sente le m\u00eame bilan. Les Nanc\u00e9iens voudront poursuivre sur leur lanc\u00e9e, m\u00eame s&rsquo;ils devront faire une nouvelle fois sans leurs supporters, l&rsquo;enceinte tomblainoise \u00e9tant toujours sous le coup d&rsquo;une sanction \u00e0 huis clos. Coup d&rsquo;envoi 20 h \u00a0!<\/p>\n<p>&#13;<br \/>\n              L&rsquo;Est R\u00e9publicain  &#8211; &#13;<br \/>\n        &#13;<br \/>\n          Aujourd&rsquo;hui \u00e0 10:51&#13;<br \/>\n    &#13;<br \/>\n                  | mis \u00e0 jour aujourd&rsquo;hui \u00e0 12:01&#13;<br \/>\n              &#8211; Temps de lecture : &#13;<br \/>\n  &#13;<\/p>\n","protected":false},"excerpt":{"rendered":"Le 3e face au 2e, c&rsquo;est la belle affiche de la soir\u00e9e de Ligue 2 ce vendredi au&hellip;\n","protected":false},"author":2,"featured_media":351940,"comment_status":"","ping_status":"","sticky":false,"template":"","format":"standard","meta":{"footnotes":""},"categories":[9635],"tags":[1111,11,3703,3545,3602,1707,1704,1706,1705,10174,1777,674,107,1701,63,1011,27,775,1702,12,25,517,1700],"class_list":{"0":"post-351939","1":"post","2":"type-post","3":"status-publish","4":"format-standard","5":"has-post-thumbnail","7":"category-nancy","8":"tag-actu","9":"tag-actualites","10":"tag-asnl","11":"tag-direct-sport","12":"tag-edition-bar-le-duc","13":"tag-edition-luneville","14":"tag-edition-nancy-et-agglomeration","15":"tag-edition-pont-a-mousson","16":"tag-edition-toul","17":"tag-edition-verdun","18":"tag-eu","19":"tag-europe","20":"tag-fil-info","21":"tag-fil-info-sport","22":"tag-football","23":"tag-fr","24":"tag-france","25":"tag-grand-est","26":"tag-nancy","27":"tag-news","28":"tag-republique-francaise","29":"tag-sport","30":"tag-sport-lorrain"},"share_on_mastodon":{"url":"https:\/\/pubeurope.com\/@fr\/115111754772515504","error":""},"_links":{"self":[{"href":"https:\/\/www.europesays.com\/fr\/wp-json\/wp\/v2\/posts\/351939","targetHints":{"allow":["GET"]}}],"collection":[{"href":"https:\/\/www.europesays.com\/fr\/wp-json\/wp\/v2\/posts"}],"about":[{"href":"https:\/\/www.europesays.com\/fr\/wp-json\/wp\/v2\/types\/post"}],"author":[{"embeddable":true,"href":"https:\/\/www.europesays.com\/fr\/wp-json\/wp\/v2\/users\/2"}],"replies":[{"embeddable":true,"href":"https:\/\/www.europesays.com\/fr\/wp-json\/wp\/v2\/comments?post=351939"}],"version-history":[{"count":0,"href":"https:\/\/www.europesays.com\/fr\/wp-json\/wp\/v2\/posts\/351939\/revisions"}],"wp:featuredmedia":[{"embeddable":true,"href":"https:\/\/www.europesays.com\/fr\/wp-json\/wp\/v2\/media\/351940"}],"wp:attachment":[{"href":"https:\/\/www.europesays.com\/fr\/wp-json\/wp\/v2\/media?parent=351939"}],"wp:term":[{"taxonomy":"category","embeddable":true,"href":"https:\/\/www.europesays.com\/fr\/wp-json\/wp\/v2\/categories?post=351939"},{"taxonomy":"post_tag","embeddable":true,"href":"https:\/\/www.europesays.com\/fr\/wp-json\/wp\/v2\/tags?post=351939"}],"curies":[{"name":"wp","href":"https:\/\/api.w.org\/{rel}","templated":true}]}}