{"id":351945,"date":"2025-08-29T11:14:09","date_gmt":"2025-08-29T11:14:09","guid":{"rendered":"https:\/\/www.europesays.com\/fr\/351945\/"},"modified":"2025-08-29T11:14:09","modified_gmt":"2025-08-29T11:14:09","slug":"ivre-au-volant-il-fonce-sur-une-voiture-qui-etait-en-train-detre-chargee-sur-une-depanneuse","status":"publish","type":"post","link":"https:\/\/www.europesays.com\/fr\/351945\/","title":{"rendered":"Ivre au volant, il fonce sur une voiture qui \u00e9tait en train d\u2019\u00eatre charg\u00e9e sur une d\u00e9panneuse"},"content":{"rendered":"<p>\n                                                                L\u2019accident s\u2019est produit mercredi 27\u00a0ao\u00fbt dans la soir\u00e9e, entre les quartiers Alco et Mosson. Le chauffard a abandonn\u00e9 sa voiture et pris la fuite, avant d\u2019\u00eatre rattrap\u00e9 par la police.\n                            <\/p>\n<p>Il n\u2019a pas vu la d\u00e9panneuse qui \u00e9tait en train de charger une voiture sur son plateau\u00a0: mercredi 27\u00a0ao\u00fbt, peu avant 22\u00a0h \u00e0 Montpellier, un conducteur a fonc\u00e9 sur le v\u00e9hicule en panne. Apr\u00e8s la collision, il a abandonn\u00e9 sa voiture avant de prendre la fuite au niveau du rond-point Antonin-Artaud.<\/p>\n<p>Un sac contenant des bi\u00e8res<\/p>\n<p>Rattrap\u00e9 et interpell\u00e9 par la police nationale, le mis en cause en \u00e9tat d\u2019\u00e9bri\u00e9t\u00e9 pr\u00e9sentait une alcool\u00e9mie de 1,16\u00a0g. \u00c2g\u00e9 de 61 ans a expliqu\u00e9 avoir bu des bi\u00e8res sur un chantier. D\u2019autres boissons alcoolis\u00e9es ont d\u2019ailleurs \u00e9t\u00e9 trouv\u00e9es dans le sac qu\u2019il avait pris soin d\u2019emporter dans sa fuite.<\/p>\n<p>Reconnaissant les faits, il est convoqu\u00e9 devant la justice le 27\u00a0novembre prochain.<\/p>\n","protected":false},"excerpt":{"rendered":"L\u2019accident s\u2019est produit mercredi 27\u00a0ao\u00fbt dans la soir\u00e9e, entre les quartiers Alco et Mosson. Le chauffard a abandonn\u00e9&hellip;\n","protected":false},"author":2,"featured_media":351946,"comment_status":"","ping_status":"","sticky":false,"template":"","format":"standard","meta":{"footnotes":""},"categories":[9599],"tags":[1111,11,1777,674,1011,27,2208,12,2680,25],"class_list":{"0":"post-351945","1":"post","2":"type-post","3":"status-publish","4":"format-standard","5":"has-post-thumbnail","7":"category-montpellier","8":"tag-actu","9":"tag-actualites","10":"tag-eu","11":"tag-europe","12":"tag-fr","13":"tag-france","14":"tag-montpellier","15":"tag-news","16":"tag-occitanie","17":"tag-republique-francaise"},"share_on_mastodon":{"url":"https:\/\/pubeurope.com\/@fr\/115111766542041331","error":""},"_links":{"self":[{"href":"https:\/\/www.europesays.com\/fr\/wp-json\/wp\/v2\/posts\/351945","targetHints":{"allow":["GET"]}}],"collection":[{"href":"https:\/\/www.europesays.com\/fr\/wp-json\/wp\/v2\/posts"}],"about":[{"href":"https:\/\/www.europesays.com\/fr\/wp-json\/wp\/v2\/types\/post"}],"author":[{"embeddable":true,"href":"https:\/\/www.europesays.com\/fr\/wp-json\/wp\/v2\/users\/2"}],"replies":[{"embeddable":true,"href":"https:\/\/www.europesays.com\/fr\/wp-json\/wp\/v2\/comments?post=351945"}],"version-history":[{"count":0,"href":"https:\/\/www.europesays.com\/fr\/wp-json\/wp\/v2\/posts\/351945\/revisions"}],"wp:featuredmedia":[{"embeddable":true,"href":"https:\/\/www.europesays.com\/fr\/wp-json\/wp\/v2\/media\/351946"}],"wp:attachment":[{"href":"https:\/\/www.europesays.com\/fr\/wp-json\/wp\/v2\/media?parent=351945"}],"wp:term":[{"taxonomy":"category","embeddable":true,"href":"https:\/\/www.europesays.com\/fr\/wp-json\/wp\/v2\/categories?post=351945"},{"taxonomy":"post_tag","embeddable":true,"href":"https:\/\/www.europesays.com\/fr\/wp-json\/wp\/v2\/tags?post=351945"}],"curies":[{"name":"wp","href":"https:\/\/api.w.org\/{rel}","templated":true}]}}